{"id":1169,"date":"2022-01-28T16:35:54","date_gmt":"2022-01-28T16:35:54","guid":{"rendered":"https:\/\/ongelpaso.org.uy\/autonomias\/?p=1169"},"modified":"2022-01-28T18:09:08","modified_gmt":"2022-01-28T18:09:08","slug":"movilizacion-nacional-contra-la-cultura-de-violacion","status":"publish","type":"post","link":"https:\/\/ongelpaso.org.uy\/autonomias\/movilizacion-nacional-contra-la-cultura-de-violacion\/","title":{"rendered":"Movilizaci\u00f3n Nacional contra la cultura de violaci\u00f3n"},"content":{"rendered":"<button id=\"listenButton1\" class=\"responsivevoice-button\" type=\"button\" value=\"Play\" title=\"ResponsiveVoice Tap to Start\/Stop Speech\"><span>&#128266; Escuchar<\/span><\/button>\n        <script>\n            listenButton1.onclick = function(){\n                if(responsiveVoice.isPlaying()){\n                    responsiveVoice.cancel();\n                }else{\n                    responsiveVoice.speak(\"Ante el conocimiento p\u00fablico de varias situaciones de violencia sexual registradas en las \u00faltimas semanas, mujeres y disidencias de todo el pa\u00eds nos movilizamos para manifestarnos una vez m\u00e1s contra la violencia machista, la cultura de la violaci\u00f3n y la violencia femicida. La concentraci\u00f3n ser\u00e1 en diversos puntos del pa\u00eds a las 18 horas, y quienes no puedan acompa\u00f1ar presencialmente, est\u00e1n convocadas a realizar un caceroleo a las 19 horas desde sus hogares. #ContraLaCulturaDeLaViolaci\u00f3n #JusticiaEsQueNoPase #NoEsPresunci\u00f3nEsViolaci\u00f3n\", \"Spanish Latin American Female\");\n                }\n            };\n        <\/script>\n    \n<div class=\"wp-block-columns is-layout-flex wp-container-core-columns-is-layout-28f84493 wp-block-columns-is-layout-flex\">\n<div class=\"wp-block-column is-layout-flow wp-block-column-is-layout-flow\" style=\"flex-basis:100%\">\n<div class=\"wp-block-columns is-layout-flex wp-container-core-columns-is-layout-28f84493 wp-block-columns-is-layout-flex\">\n<div class=\"wp-block-column is-layout-flow wp-block-column-is-layout-flow\" style=\"flex-basis:100%\">\n<p>Ante el conocimiento p\u00fablico de varias situaciones de violencia sexual registradas en las \u00faltimas semanas, mujeres y disidencias de todo el pa\u00eds nos movilizamos para manifestarnos una vez m\u00e1s contra la violencia machista, la cultura de la violaci\u00f3n y la violencia femicida. <\/p>\n\n\n\n<p>La concentraci\u00f3n ser\u00e1 en diversos puntos del pa\u00eds a las 18 horas, y quienes no puedan acompa\u00f1ar presencialmente, est\u00e1n convocadas a realizar un caceroleo a las 19 horas desde sus hogares. <\/p>\n\n\n\n<p>#ContraLaCulturaDeLaViolaci\u00f3n      #JusticiaEsQueNoPase     #NoEsPresunci\u00f3nEsViolaci\u00f3n<\/p>\n<\/div>\n<\/div>\n<\/div>\n<\/div>\n\n\n\n<div class=\"wp-block-columns is-layout-flex wp-container-core-columns-is-layout-28f84493 wp-block-columns-is-layout-flex\">\n<div class=\"wp-block-column is-layout-flow wp-block-column-is-layout-flow\" style=\"flex-basis:100%\">\n<div class=\"wp-block-columns is-layout-flex wp-container-core-columns-is-layout-28f84493 wp-block-columns-is-layout-flex\">\n<div class=\"wp-block-column is-layout-flow wp-block-column-is-layout-flow\" style=\"flex-basis:50%\">\n<figure class=\"wp-block-image size-large\"><img loading=\"lazy\" decoding=\"async\" width=\"576\" height=\"1024\" src=\"https:\/\/ongelpaso.org.uy\/autonomias\/wp-content\/uploads\/2022\/01\/movilizacion-576x1024.jpg\" alt=\"\" class=\"wp-image-1170\"\/><\/figure>\n<\/div>\n\n\n\n<div class=\"wp-block-column is-layout-flow wp-block-column-is-layout-flow\" style=\"flex-basis:50%\">\n<figure class=\"wp-block-image size-large\"><img loading=\"lazy\" decoding=\"async\" width=\"576\" height=\"1024\" src=\"https:\/\/ongelpaso.org.uy\/autonomias\/wp-content\/uploads\/2022\/01\/movilizacion-2-1-576x1024.jpg\" alt=\"\" class=\"wp-image-1172\" srcset=\"https:\/\/ongelpaso.org.uy\/autonomias\/wp-content\/uploads\/2022\/01\/movilizacion-2-1-576x1024.jpg 576w, https:\/\/ongelpaso.org.uy\/autonomias\/wp-content\/uploads\/2022\/01\/movilizacion-2-1-169x300.jpg 169w, https:\/\/ongelpaso.org.uy\/autonomias\/wp-content\/uploads\/2022\/01\/movilizacion-2-1-768x1365.jpg 768w, https:\/\/ongelpaso.org.uy\/autonomias\/wp-content\/uploads\/2022\/01\/movilizacion-2-1-864x1536.jpg 864w, https:\/\/ongelpaso.org.uy\/autonomias\/wp-content\/uploads\/2022\/01\/movilizacion-2-1.jpg 900w\" sizes=\"auto, (max-width: 576px) 100vw, 576px\" \/><\/figure>\n<\/div>\n<\/div>\n<\/div>\n<\/div>\n","protected":false},"excerpt":{"rendered":"<p>&#128266; Escuchar Ante el conocimiento p\u00fablico de varias situaciones de violencia sexual registradas en las \u00faltimas semanas, mujeres y disidencias de todo el pa\u00eds nos movilizamos para manifestarnos una vez m\u00e1s contra la violencia machista, la cultura de la violaci\u00f3n y la violencia femicida. La concentraci\u00f3n ser\u00e1 en diversos puntos del pa\u00eds a las 18 [&hellip;]<\/p>\n","protected":false},"author":2,"featured_media":1176,"comment_status":"closed","ping_status":"open","sticky":true,"template":"","format":"standard","meta":{"footnotes":""},"categories":[1,5],"tags":[],"class_list":["post-1169","post","type-post","status-publish","format-standard","has-post-thumbnail","hentry","category-noticias","category-violencia-sexual"],"_links":{"self":[{"href":"https:\/\/ongelpaso.org.uy\/autonomias\/wp-json\/wp\/v2\/posts\/1169","targetHints":{"allow":["GET"]}}],"collection":[{"href":"https:\/\/ongelpaso.org.uy\/autonomias\/wp-json\/wp\/v2\/posts"}],"about":[{"href":"https:\/\/ongelpaso.org.uy\/autonomias\/wp-json\/wp\/v2\/types\/post"}],"author":[{"embeddable":true,"href":"https:\/\/ongelpaso.org.uy\/autonomias\/wp-json\/wp\/v2\/users\/2"}],"replies":[{"embeddable":true,"href":"https:\/\/ongelpaso.org.uy\/autonomias\/wp-json\/wp\/v2\/comments?post=1169"}],"version-history":[{"count":2,"href":"https:\/\/ongelpaso.org.uy\/autonomias\/wp-json\/wp\/v2\/posts\/1169\/revisions"}],"predecessor-version":[{"id":1185,"href":"https:\/\/ongelpaso.org.uy\/autonomias\/wp-json\/wp\/v2\/posts\/1169\/revisions\/1185"}],"wp:featuredmedia":[{"embeddable":true,"href":"https:\/\/ongelpaso.org.uy\/autonomias\/wp-json\/wp\/v2\/media\/1176"}],"wp:attachment":[{"href":"https:\/\/ongelpaso.org.uy\/autonomias\/wp-json\/wp\/v2\/media?parent=1169"}],"wp:term":[{"taxonomy":"category","embeddable":true,"href":"https:\/\/ongelpaso.org.uy\/autonomias\/wp-json\/wp\/v2\/categories?post=1169"},{"taxonomy":"post_tag","embeddable":true,"href":"https:\/\/ongelpaso.org.uy\/autonomias\/wp-json\/wp\/v2\/tags?post=1169"}],"curies":[{"name":"wp","href":"https:\/\/api.w.org\/{rel}","templated":true}]}}