{"id":1244,"date":"2022-03-07T21:42:49","date_gmt":"2022-03-07T21:42:49","guid":{"rendered":"https:\/\/ongelpaso.org.uy\/autonomias\/?p=1244"},"modified":"2022-03-07T22:07:47","modified_gmt":"2022-03-07T22:07:47","slug":"el-8-de-marzo-marchamos-desde-todos-los-rincones-del-pais","status":"publish","type":"post","link":"https:\/\/ongelpaso.org.uy\/autonomias\/el-8-de-marzo-marchamos-desde-todos-los-rincones-del-pais\/","title":{"rendered":"El 8 de marzo marchamos desde todos los rincones del pa\u00eds"},"content":{"rendered":"<button id=\"listenButton1\" class=\"responsivevoice-button\" type=\"button\" value=\"Play\" title=\"ResponsiveVoice Tap to Start\/Stop Speech\"><span>&#128266; Escuchar<\/span><\/button>\n        <script>\n            listenButton1.onclick = function(){\n                if(responsiveVoice.isPlaying()){\n                    responsiveVoice.cancel();\n                }else{\n                    responsiveVoice.speak(\"En un nuevo 8 de marzo D\u00eda internacional de las mujeres convocamos a manifestarnos en las calles de todo el pa\u00eds para visibilizar la discriminaci\u00f3n y violencia de g\u00e9nero que vivimos las mujeres, y exigir medidas que eliminen la cultura machista vigente. JUNTAS EN TODOS LOS ESPACIOS CONTRA TODAS LAS OPRESIONES #Juntas8M2022 #JuntasEnTodosLosEspacios #ContraTodasLasOpresiones Este D\u00eda internacional de las mujeres levantamos nuestras voces para denunciar la violencia machista que atraviesa nuestros barrios, nuestros hogares y nuestros cuerpos. Denunciamos la ausencia de respuestas r\u00e1pidas y efectivas para atender las situaciones de abusos, discriminaci\u00f3n y m\u00faltiples violencias que las mujeres uruguayas vivencian. Es necesario concretar medidas que prevengan y protejan a las mujeres v\u00edctimas de violencia. Es necesario dar respuestas a las todas las mujeres para garantizar el acceso a derechos b\u00e1sicos como la justicia, la vivienda, los cuidados, el empleo y la salud. Este martes 8 de marzo salimos a las calles en todos los rincones del pa\u00eds desde las 18 horas. #Juntas8M2022 #JuntasEnTodosLosEspacios #ContraTodasLasOpresiones\", \"Spanish Latin American Female\");\n                }\n            };\n        <\/script>\n    \n<div class=\"wp-block-media-text alignwide is-stacked-on-mobile\"><figure class=\"wp-block-media-text__media\"><img loading=\"lazy\" decoding=\"async\" width=\"993\" height=\"1024\" src=\"https:\/\/ongelpaso.org.uy\/autonomias\/wp-content\/uploads\/2022\/03\/8m-993x1024.jpg\" alt=\"\" class=\"wp-image-1245 size-full\" srcset=\"https:\/\/ongelpaso.org.uy\/autonomias\/wp-content\/uploads\/2022\/03\/8m-993x1024.jpg 993w, https:\/\/ongelpaso.org.uy\/autonomias\/wp-content\/uploads\/2022\/03\/8m-291x300.jpg 291w, https:\/\/ongelpaso.org.uy\/autonomias\/wp-content\/uploads\/2022\/03\/8m-768x792.jpg 768w, https:\/\/ongelpaso.org.uy\/autonomias\/wp-content\/uploads\/2022\/03\/8m-1490x1536.jpg 1490w, https:\/\/ongelpaso.org.uy\/autonomias\/wp-content\/uploads\/2022\/03\/8m-1987x2048.jpg 1987w\" sizes=\"auto, (max-width: 993px) 100vw, 993px\" \/><\/figure><div class=\"wp-block-media-text__content\">\n<p class=\"has-medium-font-size\">En un nuevo 8 de marzo D\u00eda internacional de las mujeres convocamos a manifestarnos en las calles de todo el pa\u00eds para visibilizar la discriminaci\u00f3n y violencia de g\u00e9nero que vivimos las mujeres, y exigir medidas que eliminen la cultura machista vigente. <\/p>\n\n\n\n<p class=\"has-text-color\" style=\"color:#643562;font-size:18px\"><strong>JUNTAS EN TODOS LOS ESPACIOS CONTRA TODAS LAS OPRESIONES<\/strong><\/p>\n\n\n\n<p class=\"has-text-color has-small-font-size\" style=\"color:#643562\"><strong>#Juntas8M2022 #JuntasEnTodosLosEspacios #ContraTodasLasOpresiones<\/strong><\/p>\n\n\n\n<p>Este D\u00eda internacional de las mujeres levantamos nuestras voces para denunciar la violencia machista que atraviesa nuestros barrios, nuestros hogares y nuestros cuerpos. <\/p>\n\n\n\n<p>Denunciamos la ausencia de respuestas r\u00e1pidas y efectivas para atender las situaciones de abusos, discriminaci\u00f3n y m\u00faltiples violencias que las mujeres uruguayas vivencian. <\/p>\n\n\n\n<p>Es necesario concretar medidas que prevengan y protejan a las mujeres v\u00edctimas de violencia. Es necesario dar respuestas a las todas las mujeres para garantizar el acceso a derechos b\u00e1sicos como la justicia, la vivienda, los cuidados, el empleo y la salud.<\/p>\n\n\n\n<p>Este martes 8 de marzo salimos a las calles en todos los rincones del pa\u00eds desde las 18 horas. <\/p>\n<\/div><\/div>\n\n\n\n<p><strong>#Juntas8M2022    #JuntasEnTodosLosEspacios     #ContraTodasLasOpresiones<\/strong><\/p>\n","protected":false},"excerpt":{"rendered":"<p>&#128266; Escuchar En un nuevo 8 de marzo D\u00eda internacional de las mujeres convocamos a manifestarnos en las calles de todo el pa\u00eds para visibilizar la discriminaci\u00f3n y violencia de g\u00e9nero que vivimos las mujeres, y exigir medidas que eliminen la cultura machista vigente. JUNTAS EN TODOS LOS ESPACIOS CONTRA TODAS LAS OPRESIONES #Juntas8M2022 #JuntasEnTodosLosEspacios [&hellip;]<\/p>\n","protected":false},"author":2,"featured_media":1245,"comment_status":"closed","ping_status":"open","sticky":false,"template":"","format":"standard","meta":{"footnotes":""},"categories":[1],"tags":[],"class_list":["post-1244","post","type-post","status-publish","format-standard","has-post-thumbnail","hentry","category-noticias"],"_links":{"self":[{"href":"https:\/\/ongelpaso.org.uy\/autonomias\/wp-json\/wp\/v2\/posts\/1244","targetHints":{"allow":["GET"]}}],"collection":[{"href":"https:\/\/ongelpaso.org.uy\/autonomias\/wp-json\/wp\/v2\/posts"}],"about":[{"href":"https:\/\/ongelpaso.org.uy\/autonomias\/wp-json\/wp\/v2\/types\/post"}],"author":[{"embeddable":true,"href":"https:\/\/ongelpaso.org.uy\/autonomias\/wp-json\/wp\/v2\/users\/2"}],"replies":[{"embeddable":true,"href":"https:\/\/ongelpaso.org.uy\/autonomias\/wp-json\/wp\/v2\/comments?post=1244"}],"version-history":[{"count":4,"href":"https:\/\/ongelpaso.org.uy\/autonomias\/wp-json\/wp\/v2\/posts\/1244\/revisions"}],"predecessor-version":[{"id":1259,"href":"https:\/\/ongelpaso.org.uy\/autonomias\/wp-json\/wp\/v2\/posts\/1244\/revisions\/1259"}],"wp:featuredmedia":[{"embeddable":true,"href":"https:\/\/ongelpaso.org.uy\/autonomias\/wp-json\/wp\/v2\/media\/1245"}],"wp:attachment":[{"href":"https:\/\/ongelpaso.org.uy\/autonomias\/wp-json\/wp\/v2\/media?parent=1244"}],"wp:term":[{"taxonomy":"category","embeddable":true,"href":"https:\/\/ongelpaso.org.uy\/autonomias\/wp-json\/wp\/v2\/categories?post=1244"},{"taxonomy":"post_tag","embeddable":true,"href":"https:\/\/ongelpaso.org.uy\/autonomias\/wp-json\/wp\/v2\/tags?post=1244"}],"curies":[{"name":"wp","href":"https:\/\/api.w.org\/{rel}","templated":true}]}}