{"id":1262,"date":"2022-03-08T00:03:23","date_gmt":"2022-03-08T00:03:23","guid":{"rendered":"https:\/\/ongelpaso.org.uy\/autonomias\/?p=1262"},"modified":"2022-03-08T01:10:53","modified_gmt":"2022-03-08T01:10:53","slug":"no-son-cifras-son-mujeres-%ef%bf%bc","status":"publish","type":"post","link":"https:\/\/ongelpaso.org.uy\/autonomias\/no-son-cifras-son-mujeres-%ef%bf%bc\/","title":{"rendered":"No son cifras, son mujeres"},"content":{"rendered":"<button id=\"listenButton1\" class=\"responsivevoice-button\" type=\"button\" value=\"Play\" title=\"ResponsiveVoice Tap to Start\/Stop Speech\"><span>&#128266; Escuchar<\/span><\/button>\n        <script>\n            listenButton1.onclick = function(){\n                if(responsiveVoice.isPlaying()){\n                    responsiveVoice.cancel();\n                }else{\n                    responsiveVoice.speak(\"En el marco del 8 de marzo, D\u00eda internacional de las mujeres, desde el Observatorio contra la Violencia basada en G\u00e9nero y Acceso a la Justicia, en conjunto con el proyecto Feminicidio Uruguay, presentamos la infograf\u00eda: No son cifras, son mujeres: feminicidios e intentos de feminicidios de 2021, en Uruguay. Todos los datos surgen del trabajo llevado adelante por Feminicidio Uruguay que realiza un exhaustivo relevamiento y sistematizaci\u00f3n de los feminicidios que son publicados en diversos medios de prensa. Son cifras que no surgen de instituciones del Estado. #8M #8marzo #feminicidios #feminismo #Niunamenos\", \"Spanish Latin American Female\");\n                }\n            };\n        <\/script>\n    \n<div class=\"wp-block-media-text alignwide is-stacked-on-mobile is-vertically-aligned-top\" style=\"grid-template-columns:29% auto\"><figure class=\"wp-block-media-text__media\"><img loading=\"lazy\" decoding=\"async\" width=\"410\" height=\"1024\" src=\"https:\/\/ongelpaso.org.uy\/autonomias\/wp-content\/uploads\/2022\/03\/Infografia-feminista-para-el-8M-PNG-410x1024.png\" alt=\"\" class=\"wp-image-1264 size-full\" srcset=\"https:\/\/ongelpaso.org.uy\/autonomias\/wp-content\/uploads\/2022\/03\/Infografia-feminista-para-el-8M-PNG-410x1024.png 410w, https:\/\/ongelpaso.org.uy\/autonomias\/wp-content\/uploads\/2022\/03\/Infografia-feminista-para-el-8M-PNG-120x300.png 120w, https:\/\/ongelpaso.org.uy\/autonomias\/wp-content\/uploads\/2022\/03\/Infografia-feminista-para-el-8M-PNG-768x1920.png 768w, https:\/\/ongelpaso.org.uy\/autonomias\/wp-content\/uploads\/2022\/03\/Infografia-feminista-para-el-8M-PNG.png 800w\" sizes=\"auto, (max-width: 410px) 100vw, 410px\" \/><\/figure><div class=\"wp-block-media-text__content\">\n<p class=\"has-text-color has-medium-font-size\" style=\"color:#643562\">En el marco del 8 de marzo, D\u00eda internacional de las mujeres, desde el Observatorio contra la Violencia basada en G\u00e9nero y Acceso a la Justicia, en conjunto con el proyecto <a href=\"https:\/\/www.feminicidiouruguay.net\/\">Feminicidio Uruguay<\/a>, presentamos la infograf\u00eda: No son cifras, son mujeres: feminicidios e intentos de feminicidios de 2021, en Uruguay.<\/p>\n\n\n\n<p class=\"has-text-color\" style=\"color:#643562;font-size:20px\">Todos los datos surgen del trabajo llevado adelante por Feminicidio Uruguay que realiza un exhaustivo relevamiento y sistematizaci\u00f3n de los feminicidios que son publicados en diversos medios de prensa. Son cifras que no surgen de instituciones del Estado.<\/p>\n\n\n\n<p class=\"has-text-color has-background has-medium-font-size\" style=\"background-color:#ebe4f5;color:#643562\"><strong>#8M #8marzo #feminicidios #feminismo #Niunamenos<\/strong><\/p>\n<\/div><\/div>\n\n\n\n<p><\/p>\n","protected":false},"excerpt":{"rendered":"<p>&#128266; Escuchar En el marco del 8 de marzo, D\u00eda internacional de las mujeres, desde el Observatorio contra la Violencia basada en G\u00e9nero y Acceso a la Justicia, en conjunto con el proyecto Feminicidio Uruguay, presentamos la infograf\u00eda: No son cifras, son mujeres: feminicidios e intentos de feminicidios de 2021, en Uruguay. Todos los datos [&hellip;]<\/p>\n","protected":false},"author":3,"featured_media":1264,"comment_status":"closed","ping_status":"open","sticky":false,"template":"","format":"standard","meta":{"footnotes":""},"categories":[1,4,7],"tags":[],"class_list":["post-1262","post","type-post","status-publish","format-standard","has-post-thumbnail","hentry","category-noticias","category-violencia-domestica","category-violencia-femicida"],"_links":{"self":[{"href":"https:\/\/ongelpaso.org.uy\/autonomias\/wp-json\/wp\/v2\/posts\/1262","targetHints":{"allow":["GET"]}}],"collection":[{"href":"https:\/\/ongelpaso.org.uy\/autonomias\/wp-json\/wp\/v2\/posts"}],"about":[{"href":"https:\/\/ongelpaso.org.uy\/autonomias\/wp-json\/wp\/v2\/types\/post"}],"author":[{"embeddable":true,"href":"https:\/\/ongelpaso.org.uy\/autonomias\/wp-json\/wp\/v2\/users\/3"}],"replies":[{"embeddable":true,"href":"https:\/\/ongelpaso.org.uy\/autonomias\/wp-json\/wp\/v2\/comments?post=1262"}],"version-history":[{"count":5,"href":"https:\/\/ongelpaso.org.uy\/autonomias\/wp-json\/wp\/v2\/posts\/1262\/revisions"}],"predecessor-version":[{"id":1283,"href":"https:\/\/ongelpaso.org.uy\/autonomias\/wp-json\/wp\/v2\/posts\/1262\/revisions\/1283"}],"wp:featuredmedia":[{"embeddable":true,"href":"https:\/\/ongelpaso.org.uy\/autonomias\/wp-json\/wp\/v2\/media\/1264"}],"wp:attachment":[{"href":"https:\/\/ongelpaso.org.uy\/autonomias\/wp-json\/wp\/v2\/media?parent=1262"}],"wp:term":[{"taxonomy":"category","embeddable":true,"href":"https:\/\/ongelpaso.org.uy\/autonomias\/wp-json\/wp\/v2\/categories?post=1262"},{"taxonomy":"post_tag","embeddable":true,"href":"https:\/\/ongelpaso.org.uy\/autonomias\/wp-json\/wp\/v2\/tags?post=1262"}],"curies":[{"name":"wp","href":"https:\/\/api.w.org\/{rel}","templated":true}]}}