{"id":1317,"date":"2022-07-28T19:10:16","date_gmt":"2022-07-28T19:10:16","guid":{"rendered":"https:\/\/ongelpaso.org.uy\/autonomias\/?p=1317"},"modified":"2022-08-01T15:08:45","modified_gmt":"2022-08-01T15:08:45","slug":"presentacion-de-informe-alternativo-sobre-la-situacion-en-violencia-de-genero-ante-comite-de-derechos-humanos-de-naciones-unidas","status":"publish","type":"post","link":"https:\/\/ongelpaso.org.uy\/autonomias\/presentacion-de-informe-alternativo-sobre-la-situacion-en-violencia-de-genero-ante-comite-de-derechos-humanos-de-naciones-unidas\/","title":{"rendered":"Presentaci\u00f3n de Informe Alternativo sobre la situaci\u00f3n en violencia de g\u00e9nero ante  Comit\u00e9 de Derechos Humanos de Naciones Unidas"},"content":{"rendered":"<button id=\"listenButton1\" class=\"responsivevoice-button\" type=\"button\" value=\"Play\" title=\"ResponsiveVoice Tap to Start\/Stop Speech\"><span>&#128266; Escuchar<\/span><\/button>\n        <script>\n            listenButton1.onclick = function(){\n                if(responsiveVoice.isPlaying()){\n                    responsiveVoice.cancel();\n                }else{\n                    responsiveVoice.speak(\"El Proyecto Autonom\u00edas Colectivas particip\u00f3 de la redacci\u00f3n del informe que fue presentado desde la asociaci\u00f3n civil El Paso y la Red Uruguaya Contra la Violencia Dom\u00e9stica y Sexual (RUCVDS) al Comit\u00e9 de Derechos Humanos de Naciones Unidas. Este Comit\u00e9 revisa la situaci\u00f3n de cumplimiento por parte de los Estados al Pacto Internacional de Derechos Civiles y Pol\u00edticos. Ante la revisi\u00f3n de Uruguay, presentamos para que puedas descargar nuestro informe alternativo y las recomendaciones dadas a nuestro pa\u00eds. Uruguay suscribe desde 1967 el Pacto Internacional de Derechos Civiles y Pol\u00edticos, uno de los acuerdos de derechos humanos m\u00e1s importantes de Naciones Unidas. Este pacto fija la responsabilidad del Estado en garantizar derechos humanos fundamentales, como la no discriminaci\u00f3n, la igualdad ante la ley, igualdad de g\u00e9nero, derechos sexuales y reproductivos, acceso a la justicia, libertad de expresi\u00f3n, de reuni\u00f3n pac\u00edfica, entre otros. Podes acceder aqu\u00ed al Pacto por m\u00e1s informaci\u00f3n. Los pa\u00edses firmantes del Pacto son examinados peri\u00f3dicamente ante el Comit\u00e9 de Derechos Humanos de Naciones Unidas, y entre los d\u00edas 27 y 30 de julio de este a\u00f1o 2022 se examin\u00f3 por sexta vez la situaci\u00f3n de Uruguay en relaci\u00f3n al Pacto. Para esta revisi\u00f3n, tanto el Estado como la sociedad civil pueden enviar informes que documenten y expliciten la situaci\u00f3n de Uruguay. Por eso, la Asociaci\u00f3n Civil El Paso y la RUCVDS defini\u00f3 elaborar un informe que se\u00f1alara la situaci\u00f3n de las mujeres, ni\u00f1as, ni\u00f1os y adolescentes frente a la violencia basada en g\u00e9nero. Desde el Proyecto Autonom\u00edas se particip\u00f3 de la elaboraci\u00f3n del Informe final, que describe la situaci\u00f3n, preocupaciones y recomendaciones al Estado uruguayo en lo referido a Violencia contra la mujer, Feminicidios, Igualdad entre el hombre y la mujer, Trata de personas, Desapariciones de mujeres y adolescentes y Derechos del Ni\u00f1o. Dejamos para que descargues el informe alternativo presentado ante el Comit\u00e9 de Derechos Humanos. Adem\u00e1s, pod\u00e9s acceder a las sesiones p\u00fablicas que se llevaron a cabo en Ginebra, cliqueando aqu\u00ed Informe-El-Paso-Red-Uruguaya-contra-la-violencia.-Uruguay-PDDCP.2022Descarga\", \"Spanish Latin American Female\");\n                }\n            };\n        <\/script>\n    \n<p class=\"has-text-color has-normal-font-size\" style=\"color:#432563;font-style:normal;font-weight:700\">El Proyecto Autonom\u00edas Colectivas particip\u00f3 de la redacci\u00f3n del informe que fue presentado desde la asociaci\u00f3n civil El Paso y la Red Uruguaya Contra la Violencia Dom\u00e9stica y Sexual (RUCVDS) al Comit\u00e9 de Derechos Humanos de Naciones Unidas. Este Comit\u00e9 revisa la situaci\u00f3n de cumplimiento por parte de los Estados al Pacto Internacional de Derechos Civiles y Pol\u00edticos. Ante la revisi\u00f3n de Uruguay, presentamos para que puedas descargar nuestro informe alternativo y las recomendaciones dadas a nuestro pa\u00eds. <\/p>\n\n\n\n<p class=\"has-text-color\" style=\"color:#432563\">Uruguay suscribe desde 1967 el Pacto Internacional de Derechos Civiles y Pol\u00edticos, uno de los acuerdos de derechos humanos m\u00e1s importantes de Naciones Unidas. Este pacto fija la responsabilidad del Estado en garantizar derechos humanos fundamentales, como la no discriminaci\u00f3n, la igualdad ante la ley, igualdad de g\u00e9nero, derechos sexuales y reproductivos,  acceso a la justicia, libertad de expresi\u00f3n, de reuni\u00f3n pac\u00edfica, entre otros. Podes acceder <strong><em><a href=\"https:\/\/www.ohchr.org\/es\/instruments-mechanisms\/instruments\/international-covenant-civil-and-political-rights\" data-type=\"URL\" data-id=\"https:\/\/www.ohchr.org\/es\/instruments-mechanisms\/instruments\/international-covenant-civil-and-political-rights\" target=\"_blank\" rel=\"noreferrer noopener\">aqu\u00ed <\/a><\/em><\/strong>al Pacto por m\u00e1s informaci\u00f3n. <\/p>\n\n\n\n<p class=\"has-text-color\" style=\"color:#432563\">Los pa\u00edses firmantes del Pacto son examinados peri\u00f3dicamente ante el Comit\u00e9 de Derechos Humanos de Naciones Unidas, y entre los d\u00edas 27 y 30 de julio de este a\u00f1o 2022 se examin\u00f3 por sexta vez la situaci\u00f3n de Uruguay en relaci\u00f3n al Pacto. <\/p>\n\n\n\n<p class=\"has-text-color\" style=\"color:#432563\">Para esta revisi\u00f3n, tanto el Estado como la sociedad civil pueden enviar informes que documenten y expliciten la situaci\u00f3n de Uruguay. Por eso, la Asociaci\u00f3n Civil El Paso y la RUCVDS defini\u00f3 elaborar un informe que se\u00f1alara la situaci\u00f3n de las mujeres, ni\u00f1as, ni\u00f1os y adolescentes frente a la violencia basada en g\u00e9nero. Desde el Proyecto Autonom\u00edas se particip\u00f3 de la elaboraci\u00f3n del Informe final, que describe la situaci\u00f3n, preocupaciones y recomendaciones al Estado uruguayo en lo referido a Violencia contra la mujer, Feminicidios, Igualdad entre el hombre y la mujer, Trata de personas, Desapariciones de mujeres y adolescentes y Derechos del Ni\u00f1o. <\/p>\n\n\n\n<p class=\"has-text-color\" style=\"color:#432563\">Dejamos para que descargues el informe alternativo presentado ante el Comit\u00e9 de Derechos Humanos.<\/p>\n\n\n\n<p class=\"has-text-color has-normal-font-size\" style=\"color:#432563\">Adem\u00e1s, pod\u00e9s acceder a las sesiones p\u00fablicas que se llevaron a cabo en Ginebra, cliqueando <a rel=\"noreferrer noopener\" href=\"https:\/\/media.un.org\/en\/asset\/k1e\/k1e5uvpcqs\" data-type=\"URL\" data-id=\"https:\/\/media.un.org\/en\/asset\/k1e\/k1e5uvpcqs\" target=\"_blank\"><strong><em>aqu\u00ed<\/em><\/strong><\/a><\/p>\n\n\n\n<div data-wp-interactive=\"core\/file\" class=\"wp-block-file\"><object data-wp-bind--hidden=\"!state.hasPdfPreview\" hidden class=\"wp-block-file__embed\" data=\"https:\/\/ongelpaso.org.uy\/autonomias\/wp-content\/uploads\/2022\/07\/Informe-El-Paso-Red-Uruguaya-contra-la-violencia.-Uruguay-PDDCP.2022.pdf\" type=\"application\/pdf\" style=\"width:100%;height:600px\" aria-label=\"Incrustado de Incrustado de Informe-El-Paso-Red-Uruguaya-contra-la-violencia.-Uruguay-PDDCP.2022..\"><\/object><a id=\"wp-block-file--media-b50bbbd5-805c-40fd-b053-95b05ab1ffa0\" href=\"https:\/\/ongelpaso.org.uy\/autonomias\/wp-content\/uploads\/2022\/07\/Informe-El-Paso-Red-Uruguaya-contra-la-violencia.-Uruguay-PDDCP.2022.pdf\">Informe-El-Paso-Red-Uruguaya-contra-la-violencia.-Uruguay-PDDCP.2022<\/a><a href=\"https:\/\/ongelpaso.org.uy\/autonomias\/wp-content\/uploads\/2022\/07\/Informe-El-Paso-Red-Uruguaya-contra-la-violencia.-Uruguay-PDDCP.2022.pdf\" class=\"wp-block-file__button\" download aria-describedby=\"wp-block-file--media-b50bbbd5-805c-40fd-b053-95b05ab1ffa0\">Descarga<\/a><\/div>\n","protected":false},"excerpt":{"rendered":"<p>&#128266; Escuchar El Proyecto Autonom\u00edas Colectivas particip\u00f3 de la redacci\u00f3n del informe que fue presentado desde la asociaci\u00f3n civil El Paso y la Red Uruguaya Contra la Violencia Dom\u00e9stica y Sexual (RUCVDS) al Comit\u00e9 de Derechos Humanos de Naciones Unidas. Este Comit\u00e9 revisa la situaci\u00f3n de cumplimiento por parte de los Estados al Pacto Internacional [&hellip;]<\/p>\n","protected":false},"author":2,"featured_media":1318,"comment_status":"closed","ping_status":"open","sticky":false,"template":"","format":"standard","meta":{"footnotes":""},"categories":[8,9,1,16],"tags":[],"class_list":["post-1317","post","type-post","status-publish","format-standard","has-post-thumbnail","hentry","category-acceso-a-la-justicia","category-ninas-ninos-y-adolescentes","category-noticias","category-observatorio"],"_links":{"self":[{"href":"https:\/\/ongelpaso.org.uy\/autonomias\/wp-json\/wp\/v2\/posts\/1317","targetHints":{"allow":["GET"]}}],"collection":[{"href":"https:\/\/ongelpaso.org.uy\/autonomias\/wp-json\/wp\/v2\/posts"}],"about":[{"href":"https:\/\/ongelpaso.org.uy\/autonomias\/wp-json\/wp\/v2\/types\/post"}],"author":[{"embeddable":true,"href":"https:\/\/ongelpaso.org.uy\/autonomias\/wp-json\/wp\/v2\/users\/2"}],"replies":[{"embeddable":true,"href":"https:\/\/ongelpaso.org.uy\/autonomias\/wp-json\/wp\/v2\/comments?post=1317"}],"version-history":[{"count":2,"href":"https:\/\/ongelpaso.org.uy\/autonomias\/wp-json\/wp\/v2\/posts\/1317\/revisions"}],"predecessor-version":[{"id":1364,"href":"https:\/\/ongelpaso.org.uy\/autonomias\/wp-json\/wp\/v2\/posts\/1317\/revisions\/1364"}],"wp:featuredmedia":[{"embeddable":true,"href":"https:\/\/ongelpaso.org.uy\/autonomias\/wp-json\/wp\/v2\/media\/1318"}],"wp:attachment":[{"href":"https:\/\/ongelpaso.org.uy\/autonomias\/wp-json\/wp\/v2\/media?parent=1317"}],"wp:term":[{"taxonomy":"category","embeddable":true,"href":"https:\/\/ongelpaso.org.uy\/autonomias\/wp-json\/wp\/v2\/categories?post=1317"},{"taxonomy":"post_tag","embeddable":true,"href":"https:\/\/ongelpaso.org.uy\/autonomias\/wp-json\/wp\/v2\/tags?post=1317"}],"curies":[{"name":"wp","href":"https:\/\/api.w.org\/{rel}","templated":true}]}}