{"id":1322,"date":"2022-07-29T17:53:05","date_gmt":"2022-07-29T17:53:05","guid":{"rendered":"https:\/\/ongelpaso.org.uy\/autonomias\/?p=1322"},"modified":"2023-03-07T16:26:39","modified_gmt":"2023-03-07T16:26:39","slug":"30-de-julio-dia-mundial-contra-la-trata-de-personas","status":"publish","type":"post","link":"https:\/\/ongelpaso.org.uy\/autonomias\/30-de-julio-dia-mundial-contra-la-trata-de-personas\/","title":{"rendered":"30 de julio &#8211; D\u00eda Mundial contra la Trata de Personas"},"content":{"rendered":"<button id=\"listenButton1\" class=\"responsivevoice-button\" type=\"button\" value=\"Play\" title=\"ResponsiveVoice Tap to Start\/Stop Speech\"><span>&#128266; Escuchar<\/span><\/button>\n        <script>\n            listenButton1.onclick = function(){\n                if(responsiveVoice.isPlaying()){\n                    responsiveVoice.cancel();\n                }else{\n                    responsiveVoice.speak(\"La trata de personas, tanto sexual como laboral, no son visualizadas como graves problemas en nuestro pa\u00eds. La trata de personas es la captaci\u00f3n, el reclutamiento, el transporte, el traslado, la acogida, la recepci\u00f3n o el hospedaje de personas, dentro del territorio nacional o a trav\u00e9s de fronteras, aunque mediare el consentimiento de las mismas, con fines de explotaci\u00f3n. Ley n\u00b019.643, de prevenci\u00f3n y combate a la trata de personas La trata es un problema poco visible y dif\u00edcil de cuantificar; la Oficina de las Naciones Unidas contra la Droga y el Delito (UNODC) estima que 2,5 millones de personas son v\u00edctimas de trata en el mundo y adem\u00e1s se calcula que por cada v\u00edctima identificada existen 20 m\u00e1s sin identificar. Los datos muestran que la trata sigue afectando en su mayor\u00eda a mujeres y ni\u00f1as. El 46% de v\u00edctimas de trata son mujeres, 19% son ni\u00f1as, y el 15% son ni\u00f1os. Aunque tambi\u00e9n afecta a los varones. A nivel mundial, el 20% de las v\u00edctimas de trata son varones, dentro de los cuales el 67% sufri\u00f3 trabajo forzoso.Pueden acceder al reporte completo aqu\u00ed: Global Report on Trafficking in Persons 2020 - UNODC Las personas sobrevivientes de trata pueden experimentar depresi\u00f3n, estr\u00e9s postraum\u00e1tico, ansiedad, p\u00e9rdida de memoria, miedo, culpa, verg\u00fcenza, violencia f\u00edsica, abusos sexuales, traumatismos f\u00edsicos, reiteraci\u00f3n de embarazos no deseados, entre otros da\u00f1os producidos en el contexto de explotaci\u00f3n. Por lo que es fundamental que haya servicios especializados que atiendan sus necesidades. Uruguay es un pa\u00eds de origen, tr\u00e1nsito y destino para la trata de personas, y en los \u00faltimos a\u00f1os se ha transformado b\u00e1sicamente en pa\u00eds de tr\u00e1nsito y destino. La aprobaci\u00f3n de la Ley de Prevenci\u00f3n y Combate a la Trata de Personas (n\u00b019.643) implic\u00f3 un avance sustancial para definir y visibilizar el problema; pero no ha sido suficientemente acompa\u00f1ada de pol\u00edticas en prevenci\u00f3n, atenci\u00f3n, reparaci\u00f3n y persecuci\u00f3n del delito, que hagan posible su real cumplimiento. Esta situaci\u00f3n dificulta el abordaje territorial e integral del problema. A modo de ejemplo y en relaci\u00f3n a la trata laboral, son escasos en nuestro pa\u00eds los servicios de atenci\u00f3n psicosocial y legal para varones v\u00edctimas de trata laboral, y no existen albergues para ellos. Se han identificado situaciones de trata laboral de varones en el sector de la construcci\u00f3n, agropecuario y en menor medida en el pesquero. En el caso de las mujeres, las situaciones se vinculan al sector dom\u00e9stico. Es importante considerar la situaci\u00f3n de mayor riesgo de explotaci\u00f3n sexual en la que se encuentran mujeres, ni\u00f1as, ni\u00f1os y adolescentes, principalmente en contextos de desplazamientos, migraci\u00f3n o movilidad. Adem\u00e1s, en las adolescentes, se identifican situaciones de trata interna o de desapariciones temporales. En Uruguay, entre los a\u00f1os 2011 y 2018 se asistieron a 448 personas v\u00edctimas de trata. Estas situaciones fueron identificadas en todos los departamentos del pa\u00eds. Es importante por ello avanzar en: Dotar de presupuesto a la Ley de Prevenci\u00f3n y Combate a la Trata de Personas (n\u00b019.643) para garantizar su cumplimiento. Crear un Plan de combate a la Trata de personas que est\u00e9 centrado en las necesidades de las v\u00edctimas Generar acciones que aborden las causas estructurales que hacen a la poblaci\u00f3n vulnerable de ser captadas en procesos de trata. Incluir en las pol\u00edticas de prevenci\u00f3n y combate a la trata una pol\u00edtica migratoria con perspectiva de derechos humanos. Que todos los organismos con responsabilidad en el tema a nivel nacional cuenten con personal capacitado para la detecci\u00f3n y la respuesta inmediata. Fortalecer respuestas y servicios de atenci\u00f3n psicosocial y legal a personas v\u00edctimas de trata. Crear servicios y alojamiento para varones v\u00edctimas de trata laboral, a fin de garantizar su salida efectiva de esta forma de explotaci\u00f3n. Ampliar los servicios de largo plazo y de reinserci\u00f3n social de las v\u00edctimas, incluyendo aspectos como formaci\u00f3n vocacional, asignaci\u00f3n laboral y vivienda. En el 2022, desde el proyecto Autonom\u00edas Colectivas contra la Violencia de G\u00e9nero, participamos del proceso de revisi\u00f3n del Estado Uruguayo ante el Comit\u00e9 del Pacto de Derechos Civiles y Pol\u00edticos de Naciones Unidas, en ocasi\u00f3n del examen de Uruguay el 30 de junio de 2022, en Ginebra. El proceso comenz\u00f3 con la elaboraci\u00f3n de un informe de la sociedad civil para presentar ante el Comit\u00e9, e involucr\u00f3 la articulaci\u00f3n con otras organizaciones, logrando la presentaci\u00f3n del informe el d\u00eda 27 de junio, y con reuniones con la sociedad civil el d\u00eda 29 de junio, y el 30 de junio y 1ero de julio las sesiones con el Estado Uruguayo. En el informe que se elabor\u00f3 se incluyeron se describe la situaci\u00f3n, preocupaciones y recomendaciones al Estado uruguayo en lo referido a Violencia contra la mujer, Feminicidios, Igualdad entre el hombre y la mujer, Trata de personas, Desapariciones de mujeres y adolescentes y Derechos del Ni\u00f1o. Pueden acceder al informe completo aqu\u00ed: En respuesta al proceso, el Comit\u00e9 examin\u00f3 el sexto informe peri\u00f3dico del Uruguay y el 27 de julio de 2022, y aprob\u00f3 las siguientes observaciones finales y recomendaciones al Estado Uruguayo en relaci\u00f3n a la trata de personas: Intensificar sus esfuerzos para prevenir, combatir y sancionar la trata de personas, especialmente a trav\u00e9s del fortalecimiento de mecanismos de identificaci\u00f3n en los departamentos de la frontera, para poder detectar los casos a tiempo y actuar acorde; Ampliar los servicios de largo plazo y de reinserci\u00f3n, incluidas la formaci\u00f3n vocacional, asignaci\u00f3n laboral y vivienda. Campa\u00f1a en redes sociales en el marco del 30 de julio - D\u00eda Mundial contra la trata de personas\", \"Spanish Latin American Female\");\n                }\n            };\n        <\/script>\n    \n<figure class=\"wp-block-image alignwide size-large\"><img loading=\"lazy\" decoding=\"async\" width=\"1024\" height=\"302\" src=\"https:\/\/ongelpaso.org.uy\/autonomias\/wp-content\/uploads\/2022\/07\/30-de-julio-portada-copia2-1024x302.png\" alt=\"\" class=\"wp-image-1335\" srcset=\"https:\/\/ongelpaso.org.uy\/autonomias\/wp-content\/uploads\/2022\/07\/30-de-julio-portada-copia2-1024x302.png 1024w, https:\/\/ongelpaso.org.uy\/autonomias\/wp-content\/uploads\/2022\/07\/30-de-julio-portada-copia2-300x88.png 300w, https:\/\/ongelpaso.org.uy\/autonomias\/wp-content\/uploads\/2022\/07\/30-de-julio-portada-copia2-768x226.png 768w, https:\/\/ongelpaso.org.uy\/autonomias\/wp-content\/uploads\/2022\/07\/30-de-julio-portada-copia2.png 1378w\" sizes=\"auto, (max-width: 1024px) 100vw, 1024px\" \/><\/figure>\n\n\n\n<p><\/p>\n\n\n\n<p><\/p>\n\n\n\n<p><\/p>\n\n\n\n<p><strong>La trata de personas,<\/strong> <strong>tanto sexual como laboral, no son visualizadas como graves&nbsp; problemas en nuestro pa\u00eds.<\/strong><\/p>\n\n\n\n<blockquote class=\"wp-block-quote is-layout-flow wp-block-quote-is-layout-flow\">\n<p>La trata de personas es la captaci\u00f3n, el reclutamiento, el transporte, el traslado, la acogida, la recepci\u00f3n o el hospedaje de personas, dentro del territorio nacional o a trav\u00e9s de fronteras, aunque mediare el consentimiento de las mismas, con fines de explotaci\u00f3n.<\/p>\n<cite>Ley n\u00b019.643, de prevenci\u00f3n y combate a la trata de personas<\/cite><\/blockquote>\n\n\n\n<p class=\"has-text-align-left\">La trata es un problema poco visible y dif\u00edcil de cuantificar; la Oficina de las Naciones Unidas contra la Droga y el Delito (UNODC) estima que <a href=\"https:\/\/www.unodc.org\/documents\/lpo-brazil\/sobre-unodc\/Fact_Sheet_Dados_Trafico_de_Pessoas_geral_ESP.pdf\" data-type=\"URL\" data-id=\"https:\/\/www.unodc.org\/documents\/lpo-brazil\/sobre-unodc\/Fact_Sheet_Dados_Trafico_de_Pessoas_geral_ESP.pdf\" target=\"_blank\" rel=\"noreferrer noopener\">2,5 millones de personas son v\u00edctimas de trata en el mundo<\/a> y adem\u00e1s se calcula que por cada v\u00edctima identificada existen 20 m\u00e1s sin identificar.<\/p>\n\n\n\n<p class=\"has-text-align-left\">Los datos muestran que la trata sigue afectando en su mayor\u00eda a mujeres y ni\u00f1as. El 46% de v\u00edctimas de trata son mujeres, 19% son ni\u00f1as, y el 15% son ni\u00f1os. Aunque tambi\u00e9n afecta a los varones. A nivel mundial, el 20% de las v\u00edctimas de trata son varones, dentro de los cuales el 67% sufri\u00f3 trabajo forzoso.&nbsp;Pueden acceder al reporte completo aqu\u00ed:  <a rel=\"noreferrer noopener\" href=\"https:\/\/www.unodc.org\/documents\/data-and-analysis\/tip\/2021\/GLOTiP_2020_15jan_web.pdf\" data-type=\"URL\" data-id=\"https:\/\/www.unodc.org\/documents\/data-and-analysis\/tip\/2021\/GLOTiP_2020_15jan_web.pdf\" target=\"_blank\">Global Report on Trafficking in Persons 2020 &#8211; UNODC<\/a><\/p>\n\n\n\n<p class=\"has-text-align-left\">Las personas&nbsp; sobrevivientes de trata pueden experimentar depresi\u00f3n, estr\u00e9s postraum\u00e1tico, ansiedad, p\u00e9rdida de memoria, miedo, culpa, verg\u00fcenza, violencia f\u00edsica, abusos sexuales, traumatismos f\u00edsicos, reiteraci\u00f3n de embarazos no deseados, entre otros da\u00f1os producidos en el contexto de explotaci\u00f3n.&nbsp; Por lo que es fundamental que haya servicios especializados que atiendan sus necesidades.<\/p>\n\n\n\n<p class=\"has-text-align-left\">Uruguay es un pa\u00eds de origen, tr\u00e1nsito y destino para la trata de personas, y en los \u00faltimos a\u00f1os se ha transformado b\u00e1sicamente en pa\u00eds de tr\u00e1nsito y destino.<strong> <\/strong>La aprobaci\u00f3n de la Ley de Prevenci\u00f3n y Combate a la Trata de Personas (n\u00b019.643) implic\u00f3 un avance sustancial para definir y visibilizar el problema; pero no ha sido suficientemente acompa\u00f1ada de pol\u00edticas en prevenci\u00f3n, atenci\u00f3n, reparaci\u00f3n y persecuci\u00f3n del delito, que hagan posible su real cumplimiento.<\/p>\n\n\n\n<p class=\"has-text-align-left\"><strong>Esta situaci\u00f3n dificulta el abordaje territorial e integral del problema. <\/strong>A modo de ejemplo y en relaci\u00f3n a la trata laboral, <strong>son escasos en nuestro pa\u00eds los servicios de atenci\u00f3n psicosocial y legal para varones v\u00edctimas de trata laboral,<\/strong> y no existen albergues para ellos. Se han identificado situaciones de trata laboral de varones en el sector de la construcci\u00f3n, agropecuario y en menor medida en el pesquero. En el caso de las mujeres, las situaciones se vinculan al sector dom\u00e9stico.<\/p>\n\n\n\n<p class=\"has-text-align-left\">Es importante considerar la situaci\u00f3n de<strong> mayor riesgo de explotaci\u00f3n sexual en la que se encuentran mujeres, ni\u00f1as, ni\u00f1os y adolescentes<\/strong>, principalmente en <strong>contextos de desplazamientos, migraci\u00f3n o movilidad. Adem\u00e1s, en las adolescentes, se identifican situaciones de trata interna o de desapariciones temporales.<\/strong><\/p>\n\n\n\n<p class=\"has-text-align-left\">En Uruguay, <strong>entre los a\u00f1os 2011 y 2018 se asistieron a 448 personas v\u00edctimas de trata<\/strong>. Estas situaciones fueron identificadas en todos los departamentos del pa\u00eds.&nbsp;<\/p>\n\n\n\n<p class=\"has-text-align-left\"><strong>Es importante por ello avanzar en:&nbsp;<\/strong><\/p>\n\n\n\n<ul class=\"wp-block-list\">\n<li><strong>Dotar de presupuesto a la Ley de Prevenci\u00f3n y Combate a la Trata de Personas (n\u00b019.643)<\/strong> para garantizar su cumplimiento.&nbsp;<\/li>\n\n\n\n<li><strong>Crear un Plan de combate a la Trata de personas <\/strong>que est\u00e9 centrado en las necesidades de las v\u00edctimas&nbsp;&nbsp;<\/li>\n\n\n\n<li><strong>Generar acciones que aborden las causas estructurales <\/strong>que hacen a la poblaci\u00f3n vulnerable de ser captadas en procesos de trata.<\/li>\n\n\n\n<li><strong>Incluir <\/strong>en las pol\u00edticas de prevenci\u00f3n y combate a la trata una <strong>pol\u00edtica migratoria con perspectiva de derechos humanos.&nbsp;<\/strong><\/li>\n\n\n\n<li><strong>Que&nbsp; todos los organismos con responsabilidad en el tema a nivel nacional cuenten con personal capacitado para la detecci\u00f3n y la respuesta inmediata.<\/strong><\/li>\n\n\n\n<li><strong>Fortalecer respuestas y servicios de atenci\u00f3n psicosocial y legal a personas v\u00edctimas de trata.<\/strong><\/li>\n\n\n\n<li><strong>Crear servicios y alojamiento para varones v\u00edctimas de trata laboral, <\/strong>a fin de garantizar su salida efectiva de esta forma de explotaci\u00f3n.<\/li>\n\n\n\n<li><strong>Ampliar los servicios de largo plazo y de reinserci\u00f3n social de las v\u00edctimas, <\/strong>incluyendo aspectos como formaci\u00f3n vocacional, asignaci\u00f3n laboral y vivienda.<\/li>\n<\/ul>\n\n\n\n<p>En el 2022, desde el proyecto Autonom\u00edas Colectivas contra la Violencia de G\u00e9nero, participamos del proceso de revisi\u00f3n del Estado Uruguayo ante el <strong>Comit\u00e9 del Pacto de Derechos Civiles y Pol\u00edticos de Naciones Unidas<\/strong>, en ocasi\u00f3n del examen de Uruguay el 30 de junio de 2022, en Ginebra.&nbsp;<\/p>\n\n\n\n<p>El proceso comenz\u00f3 con la elaboraci\u00f3n de un informe de la sociedad civil para presentar ante el Comit\u00e9, e involucr\u00f3 la articulaci\u00f3n con otras organizaciones, logrando la presentaci\u00f3n del informe el d\u00eda 27 de junio, y con reuniones con la sociedad civil el d\u00eda 29 de junio, y el 30 de junio y 1ero de julio las sesiones con el Estado Uruguayo.<\/p>\n\n\n\n<p>En el <a href=\"https:\/\/ongelpaso.org.uy\/autonomias\/presentacion-de-informe-alternativo-sobre-la-situacion-en-violencia-de-genero-ante-comite-de-derechos-humanos-de-naciones-unidas\/\" data-type=\"URL\" data-id=\"https:\/\/ongelpaso.org.uy\/autonomias\/presentacion-de-informe-alternativo-sobre-la-situacion-en-violencia-de-genero-ante-comite-de-derechos-humanos-de-naciones-unidas\/\" target=\"_blank\" rel=\"noreferrer noopener\">informe<\/a> que se elabor\u00f3 se incluyeron se describe la situaci\u00f3n, preocupaciones y recomendaciones al Estado uruguayo en lo referido a Violencia contra la mujer, Feminicidios, Igualdad entre el hombre y la mujer, Trata de personas, Desapariciones de mujeres y adolescentes y Derechos del Ni\u00f1o. Pueden acceder al informe completo aqu\u00ed: <\/p>\n\n\n\n<p>En respuesta al proceso, el Comit\u00e9 examin\u00f3 el sexto informe peri\u00f3dico del Uruguay y el 27 de julio de 2022, y aprob\u00f3 las siguientes observaciones finales y recomendaciones al Estado Uruguayo en relaci\u00f3n a la trata de personas:&nbsp;<\/p>\n\n\n\n<ul class=\"wp-block-list\">\n<li>Intensificar sus esfuerzos para prevenir, combatir y sancionar la trata de personas, especialmente a trav\u00e9s del fortalecimiento de mecanismos de identificaci\u00f3n en los departamentos de la frontera, para poder detectar los casos a tiempo y actuar acorde;&nbsp;<\/li>\n\n\n\n<li>Ampliar los servicios de largo plazo y de reinserci\u00f3n, incluidas la formaci\u00f3n vocacional, asignaci\u00f3n laboral y vivienda.<\/li>\n<\/ul>\n\n\n\n<p><strong>Campa\u00f1a en redes sociales en el marco del 30 de julio &#8211; D\u00eda Mundial contra la trata de personas<\/strong><\/p>\n\n\n\n<figure class=\"wp-block-gallery has-nested-images columns-default is-cropped wp-block-gallery-1 is-layout-flex wp-block-gallery-is-layout-flex\">\n<figure class=\"wp-block-image size-large\"><img loading=\"lazy\" decoding=\"async\" width=\"724\" height=\"1024\" data-id=\"1345\" src=\"https:\/\/ongelpaso.org.uy\/autonomias\/wp-content\/uploads\/2022\/07\/Placa-1-724x1024.png\" alt=\"\" class=\"wp-image-1345\" srcset=\"https:\/\/ongelpaso.org.uy\/autonomias\/wp-content\/uploads\/2022\/07\/Placa-1-724x1024.png 724w, https:\/\/ongelpaso.org.uy\/autonomias\/wp-content\/uploads\/2022\/07\/Placa-1-212x300.png 212w, https:\/\/ongelpaso.org.uy\/autonomias\/wp-content\/uploads\/2022\/07\/Placa-1-768x1086.png 768w, https:\/\/ongelpaso.org.uy\/autonomias\/wp-content\/uploads\/2022\/07\/Placa-1-1086x1536.png 1086w, https:\/\/ongelpaso.org.uy\/autonomias\/wp-content\/uploads\/2022\/07\/Placa-1-1448x2048.png 1448w, https:\/\/ongelpaso.org.uy\/autonomias\/wp-content\/uploads\/2022\/07\/Placa-1.png 1587w\" sizes=\"auto, (max-width: 724px) 100vw, 724px\" \/><\/figure>\n\n\n\n<figure class=\"wp-block-image size-large\"><img loading=\"lazy\" decoding=\"async\" width=\"724\" height=\"1024\" data-id=\"1343\" src=\"https:\/\/ongelpaso.org.uy\/autonomias\/wp-content\/uploads\/2022\/07\/Placa-2-mujeres-y-NN-724x1024.png\" alt=\"\" class=\"wp-image-1343\" srcset=\"https:\/\/ongelpaso.org.uy\/autonomias\/wp-content\/uploads\/2022\/07\/Placa-2-mujeres-y-NN-724x1024.png 724w, https:\/\/ongelpaso.org.uy\/autonomias\/wp-content\/uploads\/2022\/07\/Placa-2-mujeres-y-NN-212x300.png 212w, https:\/\/ongelpaso.org.uy\/autonomias\/wp-content\/uploads\/2022\/07\/Placa-2-mujeres-y-NN-768x1086.png 768w, https:\/\/ongelpaso.org.uy\/autonomias\/wp-content\/uploads\/2022\/07\/Placa-2-mujeres-y-NN-1086x1536.png 1086w, https:\/\/ongelpaso.org.uy\/autonomias\/wp-content\/uploads\/2022\/07\/Placa-2-mujeres-y-NN-1448x2048.png 1448w, https:\/\/ongelpaso.org.uy\/autonomias\/wp-content\/uploads\/2022\/07\/Placa-2-mujeres-y-NN.png 1587w\" sizes=\"auto, (max-width: 724px) 100vw, 724px\" \/><\/figure>\n\n\n\n<figure class=\"wp-block-image size-large\"><img loading=\"lazy\" decoding=\"async\" width=\"724\" height=\"1024\" data-id=\"1342\" src=\"https:\/\/ongelpaso.org.uy\/autonomias\/wp-content\/uploads\/2022\/07\/Placa-3-varones-724x1024.png\" alt=\"\" class=\"wp-image-1342\" srcset=\"https:\/\/ongelpaso.org.uy\/autonomias\/wp-content\/uploads\/2022\/07\/Placa-3-varones-724x1024.png 724w, https:\/\/ongelpaso.org.uy\/autonomias\/wp-content\/uploads\/2022\/07\/Placa-3-varones-212x300.png 212w, https:\/\/ongelpaso.org.uy\/autonomias\/wp-content\/uploads\/2022\/07\/Placa-3-varones-768x1086.png 768w, https:\/\/ongelpaso.org.uy\/autonomias\/wp-content\/uploads\/2022\/07\/Placa-3-varones-1086x1536.png 1086w, https:\/\/ongelpaso.org.uy\/autonomias\/wp-content\/uploads\/2022\/07\/Placa-3-varones-1448x2048.png 1448w, https:\/\/ongelpaso.org.uy\/autonomias\/wp-content\/uploads\/2022\/07\/Placa-3-varones.png 1587w\" sizes=\"auto, (max-width: 724px) 100vw, 724px\" \/><\/figure>\n\n\n\n<figure class=\"wp-block-image size-large\"><img loading=\"lazy\" decoding=\"async\" width=\"724\" height=\"1024\" data-id=\"1340\" src=\"https:\/\/ongelpaso.org.uy\/autonomias\/wp-content\/uploads\/2022\/07\/Placa-4-724x1024.png\" alt=\"\" class=\"wp-image-1340\" srcset=\"https:\/\/ongelpaso.org.uy\/autonomias\/wp-content\/uploads\/2022\/07\/Placa-4-724x1024.png 724w, https:\/\/ongelpaso.org.uy\/autonomias\/wp-content\/uploads\/2022\/07\/Placa-4-212x300.png 212w, https:\/\/ongelpaso.org.uy\/autonomias\/wp-content\/uploads\/2022\/07\/Placa-4-768x1086.png 768w, https:\/\/ongelpaso.org.uy\/autonomias\/wp-content\/uploads\/2022\/07\/Placa-4-1086x1536.png 1086w, https:\/\/ongelpaso.org.uy\/autonomias\/wp-content\/uploads\/2022\/07\/Placa-4-1448x2048.png 1448w, https:\/\/ongelpaso.org.uy\/autonomias\/wp-content\/uploads\/2022\/07\/Placa-4.png 1587w\" sizes=\"auto, (max-width: 724px) 100vw, 724px\" \/><\/figure>\n\n\n\n<figure class=\"wp-block-image size-large\"><img loading=\"lazy\" decoding=\"async\" width=\"724\" height=\"1024\" data-id=\"1344\" src=\"https:\/\/ongelpaso.org.uy\/autonomias\/wp-content\/uploads\/2022\/07\/Placa-5-efectos-724x1024.png\" alt=\"\" class=\"wp-image-1344\" srcset=\"https:\/\/ongelpaso.org.uy\/autonomias\/wp-content\/uploads\/2022\/07\/Placa-5-efectos-724x1024.png 724w, https:\/\/ongelpaso.org.uy\/autonomias\/wp-content\/uploads\/2022\/07\/Placa-5-efectos-212x300.png 212w, https:\/\/ongelpaso.org.uy\/autonomias\/wp-content\/uploads\/2022\/07\/Placa-5-efectos-768x1086.png 768w, https:\/\/ongelpaso.org.uy\/autonomias\/wp-content\/uploads\/2022\/07\/Placa-5-efectos-1086x1536.png 1086w, https:\/\/ongelpaso.org.uy\/autonomias\/wp-content\/uploads\/2022\/07\/Placa-5-efectos-1448x2048.png 1448w, https:\/\/ongelpaso.org.uy\/autonomias\/wp-content\/uploads\/2022\/07\/Placa-5-efectos.png 1587w\" sizes=\"auto, (max-width: 724px) 100vw, 724px\" \/><\/figure>\n\n\n\n<figure class=\"wp-block-image size-large\"><img loading=\"lazy\" decoding=\"async\" width=\"724\" height=\"1024\" data-id=\"1341\" src=\"https:\/\/ongelpaso.org.uy\/autonomias\/wp-content\/uploads\/2022\/07\/Placa-6-Recomendaciones-724x1024.png\" alt=\"\" class=\"wp-image-1341\" srcset=\"https:\/\/ongelpaso.org.uy\/autonomias\/wp-content\/uploads\/2022\/07\/Placa-6-Recomendaciones-724x1024.png 724w, https:\/\/ongelpaso.org.uy\/autonomias\/wp-content\/uploads\/2022\/07\/Placa-6-Recomendaciones-212x300.png 212w, https:\/\/ongelpaso.org.uy\/autonomias\/wp-content\/uploads\/2022\/07\/Placa-6-Recomendaciones-768x1086.png 768w, https:\/\/ongelpaso.org.uy\/autonomias\/wp-content\/uploads\/2022\/07\/Placa-6-Recomendaciones-1086x1536.png 1086w, https:\/\/ongelpaso.org.uy\/autonomias\/wp-content\/uploads\/2022\/07\/Placa-6-Recomendaciones-1448x2048.png 1448w, https:\/\/ongelpaso.org.uy\/autonomias\/wp-content\/uploads\/2022\/07\/Placa-6-Recomendaciones.png 1587w\" sizes=\"auto, (max-width: 724px) 100vw, 724px\" \/><\/figure>\n<\/figure>\n","protected":false},"excerpt":{"rendered":"<p>&#128266; Escuchar La trata de personas, tanto sexual como laboral, no son visualizadas como graves&nbsp; problemas en nuestro pa\u00eds. La trata de personas es la captaci\u00f3n, el reclutamiento, el transporte, el traslado, la acogida, la recepci\u00f3n o el hospedaje de personas, dentro del territorio nacional o a trav\u00e9s de fronteras, aunque mediare el consentimiento de [&hellip;]<\/p>\n","protected":false},"author":3,"featured_media":0,"comment_status":"closed","ping_status":"open","sticky":false,"template":"","format":"standard","meta":{"footnotes":""},"categories":[24,25,26,1,6],"tags":[21,22,23],"class_list":["post-1322","post","type-post","status-publish","format-standard","hentry","category-campanas","category-comunicacion","category-https-www-autonomiascolectivascontralaviolenciadegenero-org-uy-campanas","category-noticias","category-trata","tag-trata","tag-trata-laboral","tag-trata-sexual"],"_links":{"self":[{"href":"https:\/\/ongelpaso.org.uy\/autonomias\/wp-json\/wp\/v2\/posts\/1322","targetHints":{"allow":["GET"]}}],"collection":[{"href":"https:\/\/ongelpaso.org.uy\/autonomias\/wp-json\/wp\/v2\/posts"}],"about":[{"href":"https:\/\/ongelpaso.org.uy\/autonomias\/wp-json\/wp\/v2\/types\/post"}],"author":[{"embeddable":true,"href":"https:\/\/ongelpaso.org.uy\/autonomias\/wp-json\/wp\/v2\/users\/3"}],"replies":[{"embeddable":true,"href":"https:\/\/ongelpaso.org.uy\/autonomias\/wp-json\/wp\/v2\/comments?post=1322"}],"version-history":[{"count":12,"href":"https:\/\/ongelpaso.org.uy\/autonomias\/wp-json\/wp\/v2\/posts\/1322\/revisions"}],"predecessor-version":[{"id":1901,"href":"https:\/\/ongelpaso.org.uy\/autonomias\/wp-json\/wp\/v2\/posts\/1322\/revisions\/1901"}],"wp:attachment":[{"href":"https:\/\/ongelpaso.org.uy\/autonomias\/wp-json\/wp\/v2\/media?parent=1322"}],"wp:term":[{"taxonomy":"category","embeddable":true,"href":"https:\/\/ongelpaso.org.uy\/autonomias\/wp-json\/wp\/v2\/categories?post=1322"},{"taxonomy":"post_tag","embeddable":true,"href":"https:\/\/ongelpaso.org.uy\/autonomias\/wp-json\/wp\/v2\/tags?post=1322"}],"curies":[{"name":"wp","href":"https:\/\/api.w.org\/{rel}","templated":true}]}}