{"id":1365,"date":"2022-08-02T23:15:11","date_gmt":"2022-08-02T23:15:11","guid":{"rendered":"https:\/\/ongelpaso.org.uy\/autonomias\/?p=1365"},"modified":"2022-08-02T23:16:20","modified_gmt":"2022-08-02T23:16:20","slug":"uruguay-recibio-la-visita-del-grupo-de-trabajo-de-naciones-unidas-sobre-desapariciones-forzadas-o-involuntarias-y-manifesto-preocupacion-por-la-desaparicion-de-ninas-ninos-adolescentes-y-mujeres","status":"publish","type":"post","link":"https:\/\/ongelpaso.org.uy\/autonomias\/uruguay-recibio-la-visita-del-grupo-de-trabajo-de-naciones-unidas-sobre-desapariciones-forzadas-o-involuntarias-y-manifesto-preocupacion-por-la-desaparicion-de-ninas-ninos-adolescentes-y-mujeres\/","title":{"rendered":"Uruguay recibi\u00f3 la visita del Grupo de Trabajo de Naciones Unidas sobre Desapariciones Forzadas o Involuntarias, y manifest\u00f3 preocupaci\u00f3n por la desaparici\u00f3n de ni\u00f1as, ni\u00f1os, adolescentes y mujeres"},"content":{"rendered":"<button id=\"listenButton1\" class=\"responsivevoice-button\" type=\"button\" value=\"Play\" title=\"ResponsiveVoice Tap to Start\/Stop Speech\"><span>&#128266; Escuchar<\/span><\/button>\n        <script>\n            listenButton1.onclick = function(){\n                if(responsiveVoice.isPlaying()){\n                    responsiveVoice.cancel();\n                }else{\n                    responsiveVoice.speak(\"El Proyecto Autonom\u00edas Colectivas envi\u00f3 en junio un Informe que documentaba la situaci\u00f3n de desaparici\u00f3n de ni\u00f1as, ni\u00f1os, adolescentes y mujeres en contextos de violencia de g\u00e9nero, y el Grupo de Trabajo manifest\u00f3 en su documento preliminar de visita su preocupaci\u00f3n por las desapariciones de ni\u00f1as, ni\u00f1os y adolescentes tras su estad\u00eda en centros de protecci\u00f3n estatales; as\u00ed como las desapariciones de mujeres y ni\u00f1as, posiblemente relacionadas con situaciones de explotaci\u00f3n sexual y trata. El Grupo de Trabajo de Naciones Unidas sobre Desapariciones Forzadas o Involuntarias realiz\u00f3 una visita a nuestro pa\u00eds entre los d\u00edas 7 y 14 de julio de 2022, a fin de recoger informaci\u00f3n y valorar la situaci\u00f3n de Uruguay en relaci\u00f3n al cumplimiento con la Declaraci\u00f3n sobre la protecci\u00f3n de todas las personas contra las desapariciones forzadas, relativo al acceso a la justicia y reparaci\u00f3n de v\u00edctimas de desapariciones. Si bien la visita se centr\u00f3 en las desapariciones ocurridas durante la dictadura c\u00edvico-militar (1973-1985), tambi\u00e9n se relev\u00f3 la situaci\u00f3n existente sobre las desapariciones forzadas que ocurren en la actualidad. Desde Autonom\u00edas Colectivas se elabor\u00f3 y present\u00f3 un documento de informaci\u00f3n (que adjuntamos para que descargues) donde se resume la preocupaci\u00f3n relativa a la desaparici\u00f3n de ni\u00f1as, adolescentes y mujeres en territorio uruguayo. Esto no se reconoce como problema grave asociado a la violencia de g\u00e9nero, y preocupa la falta de resoluci\u00f3n de desapariciones de adolescentes y mujeres. Informaci\u00f3n relativa a la Consultor\u00eda de An\u00e1lisis de barreras para el acceso a la justicia fue remitida en dicho informe. Adem\u00e1s, desde el proyecto se particip\u00f3 de la invitaci\u00f3n realizada desde el Grupo de Trabajo para dialogar con las y los integrantes, y presentar informaci\u00f3n complementaria. Dejamos para que puedas leer o descargar: Informaci\u00f3n principal sobre desaparici\u00f3n de ni\u00f1as, adolescentes y mujeres remitida al Grupo de Trabajo en su solicitud de contribuciones, El documento de Observaciones preliminares del Grupo de Trabajo presentado el 14 de julio de 2022, al concluir su visita oficial a Uruguay , donde en el cap\u00edtulo de Desapariciones en la actualidad se manifiesta preocupaci\u00f3n sobre la situaci\u00f3n de peligro de ni\u00f1as, ni\u00f1os, adolescentes y mujeres. Documento-elaborado-por-Proyecto-Autonomias-Colectivas-para-GT-Desapariciones-ForzadasDescarga Observaciones-preliminares-GDTFI-UruguayDescarga\", \"Spanish Latin American Female\");\n                }\n            };\n        <\/script>\n    \n<p class=\"has-normal-font-size\"><strong>El Proyecto Autonom\u00edas  Colectivas envi\u00f3 en junio un Informe que documentaba la situaci\u00f3n de desaparici\u00f3n de ni\u00f1as, ni\u00f1os, adolescentes y mujeres en contextos de violencia de g\u00e9nero, y el Grupo de Trabajo manifest\u00f3 en su documento preliminar de visita su preocupaci\u00f3n por las desapariciones de ni\u00f1as, ni\u00f1os y adolescentes tras su estad\u00eda en centros de protecci\u00f3n estatales; as\u00ed como las desapariciones de mujeres y ni\u00f1as, posiblemente relacionadas con situaciones de explotaci\u00f3n sexual y trata<\/strong>.<\/p>\n\n\n\n<p>El Grupo de Trabajo de Naciones Unidas sobre Desapariciones Forzadas o Involuntarias realiz\u00f3 una visita a nuestro pa\u00eds entre los d\u00edas 7 y 14 de julio de 2022, a fin de recoger informaci\u00f3n y valorar la situaci\u00f3n de Uruguay en relaci\u00f3n al cumplimiento con la Declaraci\u00f3n sobre la protecci\u00f3n de todas las personas contra las desapariciones forzadas, relativo al acceso a la justicia y reparaci\u00f3n de v\u00edctimas de desapariciones. Si bien la visita se centr\u00f3 en las desapariciones ocurridas durante la dictadura c\u00edvico-militar (1973-1985), tambi\u00e9n se relev\u00f3 la situaci\u00f3n existente sobre las desapariciones forzadas que ocurren en la actualidad. <\/p>\n\n\n\n<p>Desde Autonom\u00edas Colectivas se elabor\u00f3 y present\u00f3 un documento de informaci\u00f3n (que adjuntamos para que descargues) donde se resume la preocupaci\u00f3n relativa a la desaparici\u00f3n de ni\u00f1as, adolescentes y mujeres en territorio uruguayo. Esto no se reconoce como problema grave asociado a la violencia de g\u00e9nero, y preocupa la falta de resoluci\u00f3n de desapariciones de adolescentes y mujeres. Informaci\u00f3n relativa a la <a rel=\"noreferrer noopener\" href=\"https:\/\/ongelpaso.org.uy\/autonomias\/noticia-sobre-consultoria\/\" target=\"_blank\">Consultor\u00eda de An\u00e1lisis de barreras para el acceso a la justicia<\/a> fue remitida en dicho informe. Adem\u00e1s, desde el proyecto se particip\u00f3 de la invitaci\u00f3n realizada desde el Grupo de Trabajo para dialogar con las y los integrantes, y presentar informaci\u00f3n complementaria.<\/p>\n\n\n\n<p>Dejamos para que puedas leer o descargar: <\/p>\n\n\n\n<ul class=\"wp-block-list\"><li>Informaci\u00f3n principal sobre desaparici\u00f3n de ni\u00f1as, adolescentes y mujeres remitida al Grupo de Trabajo en su solicitud de contribuciones, <\/li><li>El documento de Observaciones preliminares del Grupo de Trabajo presentado el 14 de julio de 2022, al concluir su visita oficial a Uruguay , donde en el cap\u00edtulo de Desapariciones en la actualidad se manifiesta preocupaci\u00f3n sobre la situaci\u00f3n de peligro de ni\u00f1as, ni\u00f1os, adolescentes y mujeres.<\/li><\/ul>\n\n\n\n<div data-wp-interactive=\"core\/file\" class=\"wp-block-file\"><object data-wp-bind--hidden=\"!state.hasPdfPreview\" hidden class=\"wp-block-file__embed\" data=\"https:\/\/ongelpaso.org.uy\/autonomias\/wp-content\/uploads\/2022\/08\/Documento-elaborado-por-Proyecto-Autonomias-Colectivas-para-GT-Desapariciones-Forzadas.pdf\" type=\"application\/pdf\" style=\"width:100%;height:330px\" aria-label=\"Incrustado de Incrustado de Documento-elaborado-por-Proyecto-Autonomias-Colectivas-para-GT-Desapariciones-Forzadas..\"><\/object><a id=\"wp-block-file--media-6f69cb4f-297a-4dc2-a500-ec705251fb97\" href=\"https:\/\/ongelpaso.org.uy\/autonomias\/wp-content\/uploads\/2022\/08\/Documento-elaborado-por-Proyecto-Autonomias-Colectivas-para-GT-Desapariciones-Forzadas.pdf\">Documento-elaborado-por-Proyecto-Autonomias-Colectivas-para-GT-Desapariciones-Forzadas<\/a><a href=\"https:\/\/ongelpaso.org.uy\/autonomias\/wp-content\/uploads\/2022\/08\/Documento-elaborado-por-Proyecto-Autonomias-Colectivas-para-GT-Desapariciones-Forzadas.pdf\" class=\"wp-block-file__button\" download aria-describedby=\"wp-block-file--media-6f69cb4f-297a-4dc2-a500-ec705251fb97\">Descarga<\/a><\/div>\n\n\n\n<div data-wp-interactive=\"core\/file\" class=\"wp-block-file\"><object data-wp-bind--hidden=\"!state.hasPdfPreview\" hidden class=\"wp-block-file__embed\" data=\"https:\/\/ongelpaso.org.uy\/autonomias\/wp-content\/uploads\/2022\/08\/Observaciones-preliminares-GDTFI-Uruguay.pdf\" type=\"application\/pdf\" style=\"width:100%;height:360px\" aria-label=\"Incrustado de Incrustado de Observaciones-preliminares-GDTFI-Uruguay..\"><\/object><a id=\"wp-block-file--media-66e98fb5-ca4a-47f2-97f8-8b8efb18af44\" href=\"https:\/\/ongelpaso.org.uy\/autonomias\/wp-content\/uploads\/2022\/08\/Observaciones-preliminares-GDTFI-Uruguay.pdf\">Observaciones-preliminares-GDTFI-Uruguay<\/a><a href=\"https:\/\/ongelpaso.org.uy\/autonomias\/wp-content\/uploads\/2022\/08\/Observaciones-preliminares-GDTFI-Uruguay.pdf\" class=\"wp-block-file__button\" download aria-describedby=\"wp-block-file--media-66e98fb5-ca4a-47f2-97f8-8b8efb18af44\">Descarga<\/a><\/div>\n","protected":false},"excerpt":{"rendered":"<p>&#128266; Escuchar El Proyecto Autonom\u00edas Colectivas envi\u00f3 en junio un Informe que documentaba la situaci\u00f3n de desaparici\u00f3n de ni\u00f1as, ni\u00f1os, adolescentes y mujeres en contextos de violencia de g\u00e9nero, y el Grupo de Trabajo manifest\u00f3 en su documento preliminar de visita su preocupaci\u00f3n por las desapariciones de ni\u00f1as, ni\u00f1os y adolescentes tras su estad\u00eda en [&hellip;]<\/p>\n","protected":false},"author":2,"featured_media":0,"comment_status":"closed","ping_status":"open","sticky":false,"template":"","format":"standard","meta":{"footnotes":""},"categories":[8,9,16,6,5],"tags":[],"class_list":["post-1365","post","type-post","status-publish","format-standard","hentry","category-acceso-a-la-justicia","category-ninas-ninos-y-adolescentes","category-observatorio","category-trata","category-violencia-sexual"],"_links":{"self":[{"href":"https:\/\/ongelpaso.org.uy\/autonomias\/wp-json\/wp\/v2\/posts\/1365","targetHints":{"allow":["GET"]}}],"collection":[{"href":"https:\/\/ongelpaso.org.uy\/autonomias\/wp-json\/wp\/v2\/posts"}],"about":[{"href":"https:\/\/ongelpaso.org.uy\/autonomias\/wp-json\/wp\/v2\/types\/post"}],"author":[{"embeddable":true,"href":"https:\/\/ongelpaso.org.uy\/autonomias\/wp-json\/wp\/v2\/users\/2"}],"replies":[{"embeddable":true,"href":"https:\/\/ongelpaso.org.uy\/autonomias\/wp-json\/wp\/v2\/comments?post=1365"}],"version-history":[{"count":5,"href":"https:\/\/ongelpaso.org.uy\/autonomias\/wp-json\/wp\/v2\/posts\/1365\/revisions"}],"predecessor-version":[{"id":1372,"href":"https:\/\/ongelpaso.org.uy\/autonomias\/wp-json\/wp\/v2\/posts\/1365\/revisions\/1372"}],"wp:attachment":[{"href":"https:\/\/ongelpaso.org.uy\/autonomias\/wp-json\/wp\/v2\/media?parent=1365"}],"wp:term":[{"taxonomy":"category","embeddable":true,"href":"https:\/\/ongelpaso.org.uy\/autonomias\/wp-json\/wp\/v2\/categories?post=1365"},{"taxonomy":"post_tag","embeddable":true,"href":"https:\/\/ongelpaso.org.uy\/autonomias\/wp-json\/wp\/v2\/tags?post=1365"}],"curies":[{"name":"wp","href":"https:\/\/api.w.org\/{rel}","templated":true}]}}