{"id":1842,"date":"2023-03-08T00:13:59","date_gmt":"2023-03-08T00:13:59","guid":{"rendered":"https:\/\/ongelpaso.org.uy\/autonomias\/?p=1842"},"modified":"2023-03-08T00:13:59","modified_gmt":"2023-03-08T00:13:59","slug":"otro-8-de-marzo-en-el-que-gritamos-por-las-que-ya-no-tienen-voz","status":"publish","type":"post","link":"https:\/\/ongelpaso.org.uy\/autonomias\/otro-8-de-marzo-en-el-que-gritamos-por-las-que-ya-no-tienen-voz\/","title":{"rendered":"Otro 8 de Marzo en el que gritamos por las que ya no tienen voz"},"content":{"rendered":"<button id=\"listenButton1\" class=\"responsivevoice-button\" type=\"button\" value=\"Play\" title=\"ResponsiveVoice Tap to Start\/Stop Speech\"><span>&#128266; Escuchar<\/span><\/button>\n        <script>\n            listenButton1.onclick = function(){\n                if(responsiveVoice.isPlaying()){\n                    responsiveVoice.cancel();\n                }else{\n                    responsiveVoice.speak(\"En un nuevo paro de mujeres por el D\u00eda Internacional de la Mujer nos concentramos y movilizamos en las calles de nuestros barrios, localidades y ciudades, para reclamar nuestros derechos y gritar por las que ya no est\u00e1n. Las cifras que nos aproximan a la realidad de la violencia basada en g\u00e9nero en Uruguay muestran un crecimiento en los registros de denuncias por violencia dom\u00e9stica y feminicidios. Seg\u00fan datos relevados por el Ministerios del Interior, en el a\u00f1o 2022 se registraron 38.251 denuncias por Violencia Dom\u00e9stica (un aumento de 3,8% en relaci\u00f3n al a\u00f1o anterior)*. Esta cifra implica que durante el 2022 se realizaron m\u00e1s de 4 denuncias por Violencia Dom\u00e9stica por hora. La denuncias por delitos sexuales hacia ni\u00f1as, adolescentes y mujeres mantienen cifras muy altas, en un contexto donde el sistema de justicia presenta dificultades para dar una respuesta efectiva e inmediata a las denuncias presentadas. Desde el 1 de enero hasta el 31 de octubre 2022 y seg\u00fan reportes del Ministerio del Interior, se registraron 2268 v\u00edctimas mujeres en denuncias por delitos sexuales (\u00e9stos son: abuso sexual, atentado violento al pudor y violaci\u00f3n*. En tanto, la violencia feminicida es la manifestaci\u00f3n extrema de violencia basada en g\u00e9nero. En las placas debajo podr\u00e1s ver datos recogidos por Feminicidios Uruguay sobre feminicidios en el a\u00f1o 2022. Los registros son alarmantes: en el a\u00f1o 2022 ocurrieron 37 femicidios en Uruguay. Las cifras se\u00f1alan que los hogares son los espacios m\u00e1s inseguros para las mujeres: en 19 de estos 37 feminicidios registrados, el asesino fue la pareja o ex-pareja de la mujer asesinada. Las mujeres asesinadas son generalmente j\u00f3venes que poseen entre 19 y 39 a\u00f1os de edad (58,3% de las mujeres asesinadas ten\u00edan \u00e9sta edad). En 2022 fueron asesinadas 2 adolescentes entre 13 y 18 a\u00f1os por la condici\u00f3n de ser mujer. Alarma la violencia extrema sobre el cuerpo de las mujeres, ante el hallazgo de cuerpos desmembrados (2 mujeres), torturados (al menos 1) o mujeres asesinadas cuyos cuerpos son descartados de forma violenta, en contextos de violencia generalmente vinculados al narcotr\u00e1fico. Adem\u00e1s, en el contexto de la violencia femicida fueron asesinados 8 ni\u00f1as y ni\u00f1os. La situaci\u00f3n de emergencia nacional se observa en diversos \u00e1mbitos de violencia hacia ni\u00f1as, adolescentes y mujeres en todo el territorio nacional. La falta de respuestas efectivas profundiza la situaci\u00f3n de violencia y vulnerabilidad de \u00e9stas mujeres. La usencia un presupuesto acorde a las necesidades que requiere la Ley de Violencia hacia las mujeres (19.580) incumple garant\u00edas y derechos de las mujeres establecidos legalmente, tanto en el acceso a la justicia, como a la reparaci\u00f3n integral y autonom\u00eda econ\u00f3mica. Esta preocupaci\u00f3n fue se\u00f1alada por el Comit\u00e9 de Derechos Humanos de Naciones Unidas, cuando en junio del a\u00f1o 2022 revis\u00f3 la situaci\u00f3n de Uruguay en materia de derechos humanos. Este Comit\u00e9 seguir\u00e1 de cerca la situaci\u00f3n de Uruguay en materia de violencia de g\u00e9nero, e inst\u00f3 a que el Estado tome las medidas necesarias para \\\"a) Asignar los recursos (...) en materia de prevenci\u00f3n, protecci\u00f3n, sanci\u00f3n y reparaci\u00f3n de la violencia contra las mujeres en todo su territorio; (...) c) Facilitar y alentar por diversos medios la presentaci\u00f3n de denuncias por parte de las v\u00edctimas; asegurar que todos los hechos de violencia contra mujeres y ni\u00f1as sean investigados y de manera pronta, exhaustiva e imparcial; que los responsables sean enjuiciados y sancionados; y que las v\u00edctimas obtengan reparaci\u00f3n integral\\\" \u00a1Por eso este 8 de marzo estamos en las calles! Nos movilizamos y marchamos para dar voz a quienes ya no la tienen. *Datos extra\u00eddos de: p\u00e1gina web del Ministerio del Interior. Presentaci\u00f3n Resumen de datos estad\u00edsticos de violencia dom\u00e9stica y g\u00e9nero 2022\", \"Spanish Latin American Female\");\n                }\n            };\n        <\/script>\n    \n<p>En un nuevo paro de mujeres por el D\u00eda Internacional de la Mujer nos concentramos y movilizamos en las calles de nuestros barrios, localidades y ciudades, para reclamar nuestros derechos y gritar por las que ya no est\u00e1n. <\/p>\n\n\n<div class=\"wp-block-image\">\n<figure class=\"alignleft size-large is-resized\"><img loading=\"lazy\" decoding=\"async\" src=\"https:\/\/ongelpaso.org.uy\/autonomias\/wp-content\/uploads\/2023\/03\/Placa-7-1024x1024.png\" alt=\"\" class=\"wp-image-1943\" width=\"256\" height=\"256\" srcset=\"https:\/\/ongelpaso.org.uy\/autonomias\/wp-content\/uploads\/2023\/03\/Placa-7-1024x1024.png 1024w, https:\/\/ongelpaso.org.uy\/autonomias\/wp-content\/uploads\/2023\/03\/Placa-7-300x300.png 300w, https:\/\/ongelpaso.org.uy\/autonomias\/wp-content\/uploads\/2023\/03\/Placa-7-150x150.png 150w, https:\/\/ongelpaso.org.uy\/autonomias\/wp-content\/uploads\/2023\/03\/Placa-7-768x768.png 768w, https:\/\/ongelpaso.org.uy\/autonomias\/wp-content\/uploads\/2023\/03\/Placa-7.png 1080w\" sizes=\"auto, (max-width: 256px) 100vw, 256px\" \/><\/figure>\n<\/div>\n\n\n<p>Las cifras que nos aproximan a la realidad de la violencia basada en g\u00e9nero en Uruguay muestran un crecimiento en los registros de denuncias por violencia dom\u00e9stica y feminicidios. <\/p>\n\n\n\n<p>Seg\u00fan datos relevados por el Ministerios del Interior, en el a\u00f1o 2022 se registraron 38.251 denuncias por Violencia Dom\u00e9stica (un aumento de 3,8% en relaci\u00f3n al a\u00f1o anterior)*. Esta cifra implica que <strong>durante el 2022 se realizaron m\u00e1s de 4 denuncias por Violencia Dom\u00e9stica por hora.<\/strong> <\/p>\n\n\n\n<p>La denuncias por delitos sexuales hacia ni\u00f1as, adolescentes y mujeres mantienen cifras muy altas, en un contexto donde el sistema de justicia presenta dificultades para dar una respuesta efectiva e inmediata a las denuncias presentadas. Desde el 1 de enero hasta el 31 de octubre 2022 y seg\u00fan reportes del Ministerio del Interior, se registraron 2268 v\u00edctimas mujeres en denuncias por delitos sexuales (\u00e9stos son: abuso sexual, atentado violento al pudor y violaci\u00f3n*.<\/p>\n\n\n\n<p>En tanto, la violencia feminicida es la manifestaci\u00f3n extrema de violencia basada en g\u00e9nero. En las placas debajo podr\u00e1s ver datos recogidos por Feminicidios Uruguay sobre feminicidios en el a\u00f1o 2022. Los registros son alarmantes: en el a\u00f1o 2022 ocurrieron 37 femicidios en Uruguay.<\/p>\n\n\n\n<p>Las cifras se\u00f1alan que los hogares son los espacios m\u00e1s inseguros para las mujeres: en 19 de estos 37 feminicidios registrados, el asesino fue la pareja o ex-pareja de la mujer asesinada. Las mujeres asesinadas son generalmente j\u00f3venes que poseen entre 19 y 39 a\u00f1os de edad (58,3% de las mujeres asesinadas ten\u00edan \u00e9sta edad). En 2022 fueron asesinadas 2 adolescentes entre 13 y 18 a\u00f1os por la condici\u00f3n de ser mujer.<\/p>\n\n\n\n<p>Alarma la violencia extrema sobre el cuerpo de las mujeres, ante el hallazgo de cuerpos desmembrados (2 mujeres), torturados (al menos 1) o mujeres asesinadas cuyos cuerpos son descartados de forma violenta, en contextos de violencia generalmente vinculados al narcotr\u00e1fico. <\/p>\n\n\n\n<p>Adem\u00e1s, en el contexto de la violencia femicida fueron asesinados 8 ni\u00f1as y ni\u00f1os.<\/p>\n\n\n\n<p><\/p>\n\n\n\n<p>La situaci\u00f3n de emergencia nacional se observa en diversos \u00e1mbitos de violencia hacia ni\u00f1as, adolescentes y mujeres en todo el territorio nacional. La falta de respuestas efectivas profundiza la situaci\u00f3n de violencia y vulnerabilidad de \u00e9stas mujeres. La usencia un presupuesto acorde a las necesidades que requiere la Ley de Violencia hacia las mujeres (19.580) incumple garant\u00edas y derechos de las mujeres establecidos legalmente, tanto en el acceso a la justicia, como a la reparaci\u00f3n integral y autonom\u00eda econ\u00f3mica. <\/p>\n\n\n\n<p>Esta preocupaci\u00f3n fue se\u00f1alada por el Comit\u00e9 de Derechos Humanos de Naciones Unidas, cuando en junio del a\u00f1o 2022 revis\u00f3 la situaci\u00f3n de Uruguay en materia de derechos humanos. Este Comit\u00e9 seguir\u00e1 de cerca la situaci\u00f3n de Uruguay en materia de violencia de g\u00e9nero, e inst\u00f3 a que el Estado tome las medidas necesarias para \u00aba) Asignar los recursos (&#8230;) en materia de prevenci\u00f3n, protecci\u00f3n, sanci\u00f3n y reparaci\u00f3n de la violencia contra las mujeres en todo su territorio; (&#8230;) c) Facilitar y alentar por diversos medios la presentaci\u00f3n de denuncias por parte de las v\u00edctimas; asegurar que todos los hechos de violencia contra mujeres y ni\u00f1as sean investigados y de manera pronta, exhaustiva e imparcial; que los responsables sean enjuiciados y sancionados; y que las v\u00edctimas obtengan reparaci\u00f3n integral\u00bb<\/p>\n\n\n\n<p>\u00a1Por eso este 8 de marzo estamos en las calles!<\/p>\n\n\n\n<p>Nos movilizamos y marchamos para dar voz a quienes ya no la tienen.<\/p>\n\n\n\n<p><\/p>\n\n\n\n<p class=\"has-small-font-size\">*Datos extra\u00eddos de: p\u00e1gina web del Ministerio del Interior. Presentaci\u00f3n Resumen de datos estad\u00edsticos de violencia dom\u00e9stica y g\u00e9nero 2022<\/p>\n\n\n\n<p><a href=\"https:\/\/www.youtube.com\/@MinisteriodelInteriorUruguay\"><\/a><\/p>\n\n\n\n<figure class=\"wp-block-gallery has-nested-images columns-default is-cropped wp-block-gallery-1 is-layout-flex wp-block-gallery-is-layout-flex\">\n<figure class=\"wp-block-image size-large\"><img loading=\"lazy\" decoding=\"async\" width=\"1024\" height=\"1024\" data-id=\"1948\" src=\"https:\/\/ongelpaso.org.uy\/autonomias\/wp-content\/uploads\/2023\/03\/WhatsApp-Image-2023-03-07-at-20.47.04-copia-1024x1024.jpeg\" alt=\"\" class=\"wp-image-1948\" srcset=\"https:\/\/ongelpaso.org.uy\/autonomias\/wp-content\/uploads\/2023\/03\/WhatsApp-Image-2023-03-07-at-20.47.04-copia-1024x1024.jpeg 1024w, https:\/\/ongelpaso.org.uy\/autonomias\/wp-content\/uploads\/2023\/03\/WhatsApp-Image-2023-03-07-at-20.47.04-copia-300x300.jpeg 300w, https:\/\/ongelpaso.org.uy\/autonomias\/wp-content\/uploads\/2023\/03\/WhatsApp-Image-2023-03-07-at-20.47.04-copia-150x150.jpeg 150w, https:\/\/ongelpaso.org.uy\/autonomias\/wp-content\/uploads\/2023\/03\/WhatsApp-Image-2023-03-07-at-20.47.04-copia-768x768.jpeg 768w, https:\/\/ongelpaso.org.uy\/autonomias\/wp-content\/uploads\/2023\/03\/WhatsApp-Image-2023-03-07-at-20.47.04-copia.jpeg 1080w\" sizes=\"auto, (max-width: 1024px) 100vw, 1024px\" \/><\/figure>\n\n\n\n<figure class=\"wp-block-image size-large\"><img loading=\"lazy\" decoding=\"async\" width=\"1024\" height=\"1024\" data-id=\"1942\" src=\"https:\/\/ongelpaso.org.uy\/autonomias\/wp-content\/uploads\/2023\/03\/Placa-2-copia-1024x1024.png\" alt=\"\" class=\"wp-image-1942\" srcset=\"https:\/\/ongelpaso.org.uy\/autonomias\/wp-content\/uploads\/2023\/03\/Placa-2-copia-1024x1024.png 1024w, https:\/\/ongelpaso.org.uy\/autonomias\/wp-content\/uploads\/2023\/03\/Placa-2-copia-300x300.png 300w, https:\/\/ongelpaso.org.uy\/autonomias\/wp-content\/uploads\/2023\/03\/Placa-2-copia-150x150.png 150w, https:\/\/ongelpaso.org.uy\/autonomias\/wp-content\/uploads\/2023\/03\/Placa-2-copia-768x768.png 768w, https:\/\/ongelpaso.org.uy\/autonomias\/wp-content\/uploads\/2023\/03\/Placa-2-copia.png 1080w\" sizes=\"auto, (max-width: 1024px) 100vw, 1024px\" \/><\/figure>\n\n\n\n<figure class=\"wp-block-image size-large\"><img loading=\"lazy\" decoding=\"async\" width=\"1024\" height=\"1024\" data-id=\"1945\" src=\"https:\/\/ongelpaso.org.uy\/autonomias\/wp-content\/uploads\/2023\/03\/Placa-3-copia-1024x1024.png\" alt=\"\" class=\"wp-image-1945\" srcset=\"https:\/\/ongelpaso.org.uy\/autonomias\/wp-content\/uploads\/2023\/03\/Placa-3-copia-1024x1024.png 1024w, https:\/\/ongelpaso.org.uy\/autonomias\/wp-content\/uploads\/2023\/03\/Placa-3-copia-300x300.png 300w, https:\/\/ongelpaso.org.uy\/autonomias\/wp-content\/uploads\/2023\/03\/Placa-3-copia-150x150.png 150w, https:\/\/ongelpaso.org.uy\/autonomias\/wp-content\/uploads\/2023\/03\/Placa-3-copia-768x768.png 768w, https:\/\/ongelpaso.org.uy\/autonomias\/wp-content\/uploads\/2023\/03\/Placa-3-copia.png 1080w\" sizes=\"auto, (max-width: 1024px) 100vw, 1024px\" \/><\/figure>\n\n\n\n<figure class=\"wp-block-image size-large\"><img loading=\"lazy\" decoding=\"async\" width=\"1024\" height=\"1024\" data-id=\"1946\" src=\"https:\/\/ongelpaso.org.uy\/autonomias\/wp-content\/uploads\/2023\/03\/Placa-4-copia-1024x1024.png\" alt=\"\" class=\"wp-image-1946\" srcset=\"https:\/\/ongelpaso.org.uy\/autonomias\/wp-content\/uploads\/2023\/03\/Placa-4-copia-1024x1024.png 1024w, https:\/\/ongelpaso.org.uy\/autonomias\/wp-content\/uploads\/2023\/03\/Placa-4-copia-300x300.png 300w, https:\/\/ongelpaso.org.uy\/autonomias\/wp-content\/uploads\/2023\/03\/Placa-4-copia-150x150.png 150w, https:\/\/ongelpaso.org.uy\/autonomias\/wp-content\/uploads\/2023\/03\/Placa-4-copia-768x768.png 768w, https:\/\/ongelpaso.org.uy\/autonomias\/wp-content\/uploads\/2023\/03\/Placa-4-copia.png 1080w\" sizes=\"auto, (max-width: 1024px) 100vw, 1024px\" \/><\/figure>\n\n\n\n<figure class=\"wp-block-image size-large\"><img loading=\"lazy\" decoding=\"async\" width=\"1024\" height=\"1024\" data-id=\"1941\" src=\"https:\/\/ongelpaso.org.uy\/autonomias\/wp-content\/uploads\/2023\/03\/Placa-5-1024x1024.png\" alt=\"\" class=\"wp-image-1941\" srcset=\"https:\/\/ongelpaso.org.uy\/autonomias\/wp-content\/uploads\/2023\/03\/Placa-5-1024x1024.png 1024w, https:\/\/ongelpaso.org.uy\/autonomias\/wp-content\/uploads\/2023\/03\/Placa-5-300x300.png 300w, https:\/\/ongelpaso.org.uy\/autonomias\/wp-content\/uploads\/2023\/03\/Placa-5-150x150.png 150w, https:\/\/ongelpaso.org.uy\/autonomias\/wp-content\/uploads\/2023\/03\/Placa-5-768x768.png 768w, https:\/\/ongelpaso.org.uy\/autonomias\/wp-content\/uploads\/2023\/03\/Placa-5.png 1080w\" sizes=\"auto, (max-width: 1024px) 100vw, 1024px\" \/><\/figure>\n\n\n\n<figure class=\"wp-block-image size-large\"><img loading=\"lazy\" decoding=\"async\" width=\"1024\" height=\"1024\" data-id=\"1944\" src=\"https:\/\/ongelpaso.org.uy\/autonomias\/wp-content\/uploads\/2023\/03\/Placa-6-1024x1024.png\" alt=\"\" class=\"wp-image-1944\" srcset=\"https:\/\/ongelpaso.org.uy\/autonomias\/wp-content\/uploads\/2023\/03\/Placa-6-1024x1024.png 1024w, https:\/\/ongelpaso.org.uy\/autonomias\/wp-content\/uploads\/2023\/03\/Placa-6-300x300.png 300w, https:\/\/ongelpaso.org.uy\/autonomias\/wp-content\/uploads\/2023\/03\/Placa-6-150x150.png 150w, https:\/\/ongelpaso.org.uy\/autonomias\/wp-content\/uploads\/2023\/03\/Placa-6-768x768.png 768w, https:\/\/ongelpaso.org.uy\/autonomias\/wp-content\/uploads\/2023\/03\/Placa-6.png 1080w\" sizes=\"auto, (max-width: 1024px) 100vw, 1024px\" \/><\/figure>\n<\/figure>\n","protected":false},"excerpt":{"rendered":"<p>&#128266; Escuchar En un nuevo paro de mujeres por el D\u00eda Internacional de la Mujer nos concentramos y movilizamos en las calles de nuestros barrios, localidades y ciudades, para reclamar nuestros derechos y gritar por las que ya no est\u00e1n. Las cifras que nos aproximan a la realidad de la violencia basada en g\u00e9nero en [&hellip;]<\/p>\n","protected":false},"author":2,"featured_media":1852,"comment_status":"closed","ping_status":"open","sticky":false,"template":"","format":"standard","meta":{"footnotes":""},"categories":[1,16,4,10,7,5],"tags":[],"class_list":["post-1842","post","type-post","status-publish","format-standard","has-post-thumbnail","hentry","category-noticias","category-observatorio","category-violencia-domestica","category-violencia-en-la-toma-de-decisiones","category-violencia-femicida","category-violencia-sexual"],"_links":{"self":[{"href":"https:\/\/ongelpaso.org.uy\/autonomias\/wp-json\/wp\/v2\/posts\/1842","targetHints":{"allow":["GET"]}}],"collection":[{"href":"https:\/\/ongelpaso.org.uy\/autonomias\/wp-json\/wp\/v2\/posts"}],"about":[{"href":"https:\/\/ongelpaso.org.uy\/autonomias\/wp-json\/wp\/v2\/types\/post"}],"author":[{"embeddable":true,"href":"https:\/\/ongelpaso.org.uy\/autonomias\/wp-json\/wp\/v2\/users\/2"}],"replies":[{"embeddable":true,"href":"https:\/\/ongelpaso.org.uy\/autonomias\/wp-json\/wp\/v2\/comments?post=1842"}],"version-history":[{"count":2,"href":"https:\/\/ongelpaso.org.uy\/autonomias\/wp-json\/wp\/v2\/posts\/1842\/revisions"}],"predecessor-version":[{"id":1949,"href":"https:\/\/ongelpaso.org.uy\/autonomias\/wp-json\/wp\/v2\/posts\/1842\/revisions\/1949"}],"wp:featuredmedia":[{"embeddable":true,"href":"https:\/\/ongelpaso.org.uy\/autonomias\/wp-json\/wp\/v2\/media\/1852"}],"wp:attachment":[{"href":"https:\/\/ongelpaso.org.uy\/autonomias\/wp-json\/wp\/v2\/media?parent=1842"}],"wp:term":[{"taxonomy":"category","embeddable":true,"href":"https:\/\/ongelpaso.org.uy\/autonomias\/wp-json\/wp\/v2\/categories?post=1842"},{"taxonomy":"post_tag","embeddable":true,"href":"https:\/\/ongelpaso.org.uy\/autonomias\/wp-json\/wp\/v2\/tags?post=1842"}],"curies":[{"name":"wp","href":"https:\/\/api.w.org\/{rel}","templated":true}]}}