{"id":2043,"date":"2023-07-06T16:55:30","date_gmt":"2023-07-06T16:55:30","guid":{"rendered":"https:\/\/ongelpaso.org.uy\/autonomias\/?p=2043"},"modified":"2023-07-06T16:55:31","modified_gmt":"2023-07-06T16:55:31","slug":"presentacion-de-materiales-sobre-feminicidios-en-uruguay","status":"publish","type":"post","link":"https:\/\/ongelpaso.org.uy\/autonomias\/presentacion-de-materiales-sobre-feminicidios-en-uruguay\/","title":{"rendered":"Presentaci\u00f3n de materiales sobre feminicidios en Uruguay"},"content":{"rendered":"<button id=\"listenButton1\" class=\"responsivevoice-button\" type=\"button\" value=\"Play\" title=\"ResponsiveVoice Tap to Start\/Stop Speech\"><span>&#128266; Escuchar<\/span><\/button>\n        <script>\n            listenButton1.onclick = function(){\n                if(responsiveVoice.isPlaying()){\n                    responsiveVoice.cancel();\n                }else{\n                    responsiveVoice.speak(\"El pr\u00f3ximo 6 de julio presentamos en Las Pioneras los documentos de Informe: \\\"El feminicidio en Uruguay. Datos que nos ayudan a dimensionar el problema.\\\" y el librillo \\\"Femicidio y acceso a la justicia. Derechos, garant\u00edas, recomendaciones y redes para acompa\u00f1ar a v\u00edctimas.\\\" Las esperamos a las 19 horas. Contaremos con la presencia y comentarios de Victoria Gambetta, Mar\u00eda de la Paz Echetto, Natalia Acosta, y familiares de v\u00edctimas de feminicidio.\", \"Spanish Latin American Female\");\n                }\n            };\n        <\/script>\n    \n<p>El pr\u00f3ximo 6 de julio presentamos en Las Pioneras los documentos de Informe: \u00abEl feminicidio en Uruguay. Datos que nos ayudan a dimensionar el problema.\u00bb y el librillo \u00abFemicidio y acceso a la justicia. Derechos, garant\u00edas, recomendaciones y redes para acompa\u00f1ar a v\u00edctimas.\u00bb Las esperamos a las 19 horas.<\/p>\n\n\n\n<p>Contaremos con la presencia y comentarios de Victoria Gambetta, Mar\u00eda de la Paz Echetto, Natalia Acosta, y familiares de v\u00edctimas de feminicidio. <\/p>\n\n\n<div class=\"wp-block-image\">\n<figure class=\"aligncenter size-large\"><img loading=\"lazy\" decoding=\"async\" width=\"1024\" height=\"1024\" src=\"https:\/\/ongelpaso.org.uy\/autonomias\/wp-content\/uploads\/2023\/07\/WhatsApp-Image-2023-06-28-at-22.53.46-1-1024x1024.jpeg\" alt=\"\" class=\"wp-image-2044\" srcset=\"https:\/\/ongelpaso.org.uy\/autonomias\/wp-content\/uploads\/2023\/07\/WhatsApp-Image-2023-06-28-at-22.53.46-1-1024x1024.jpeg 1024w, https:\/\/ongelpaso.org.uy\/autonomias\/wp-content\/uploads\/2023\/07\/WhatsApp-Image-2023-06-28-at-22.53.46-1-300x300.jpeg 300w, https:\/\/ongelpaso.org.uy\/autonomias\/wp-content\/uploads\/2023\/07\/WhatsApp-Image-2023-06-28-at-22.53.46-1-150x150.jpeg 150w, https:\/\/ongelpaso.org.uy\/autonomias\/wp-content\/uploads\/2023\/07\/WhatsApp-Image-2023-06-28-at-22.53.46-1-768x768.jpeg 768w, https:\/\/ongelpaso.org.uy\/autonomias\/wp-content\/uploads\/2023\/07\/WhatsApp-Image-2023-06-28-at-22.53.46-1.jpeg 1080w\" sizes=\"auto, (max-width: 1024px) 100vw, 1024px\" \/><\/figure>\n<\/div>","protected":false},"excerpt":{"rendered":"<p>&#128266; Escuchar El pr\u00f3ximo 6 de julio presentamos en Las Pioneras los documentos de Informe: \u00abEl feminicidio en Uruguay. Datos que nos ayudan a dimensionar el problema.\u00bb y el librillo \u00abFemicidio y acceso a la justicia. Derechos, garant\u00edas, recomendaciones y redes para acompa\u00f1ar a v\u00edctimas.\u00bb Las esperamos a las 19 horas. Contaremos con la presencia [&hellip;]<\/p>\n","protected":false},"author":2,"featured_media":0,"comment_status":"closed","ping_status":"open","sticky":false,"template":"","format":"standard","meta":{"footnotes":""},"categories":[1],"tags":[],"class_list":["post-2043","post","type-post","status-publish","format-standard","hentry","category-noticias"],"_links":{"self":[{"href":"https:\/\/ongelpaso.org.uy\/autonomias\/wp-json\/wp\/v2\/posts\/2043","targetHints":{"allow":["GET"]}}],"collection":[{"href":"https:\/\/ongelpaso.org.uy\/autonomias\/wp-json\/wp\/v2\/posts"}],"about":[{"href":"https:\/\/ongelpaso.org.uy\/autonomias\/wp-json\/wp\/v2\/types\/post"}],"author":[{"embeddable":true,"href":"https:\/\/ongelpaso.org.uy\/autonomias\/wp-json\/wp\/v2\/users\/2"}],"replies":[{"embeddable":true,"href":"https:\/\/ongelpaso.org.uy\/autonomias\/wp-json\/wp\/v2\/comments?post=2043"}],"version-history":[{"count":1,"href":"https:\/\/ongelpaso.org.uy\/autonomias\/wp-json\/wp\/v2\/posts\/2043\/revisions"}],"predecessor-version":[{"id":2045,"href":"https:\/\/ongelpaso.org.uy\/autonomias\/wp-json\/wp\/v2\/posts\/2043\/revisions\/2045"}],"wp:attachment":[{"href":"https:\/\/ongelpaso.org.uy\/autonomias\/wp-json\/wp\/v2\/media?parent=2043"}],"wp:term":[{"taxonomy":"category","embeddable":true,"href":"https:\/\/ongelpaso.org.uy\/autonomias\/wp-json\/wp\/v2\/categories?post=2043"},{"taxonomy":"post_tag","embeddable":true,"href":"https:\/\/ongelpaso.org.uy\/autonomias\/wp-json\/wp\/v2\/tags?post=2043"}],"curies":[{"name":"wp","href":"https:\/\/api.w.org\/{rel}","templated":true}]}}