{"id":2130,"date":"2023-08-24T19:01:57","date_gmt":"2023-08-24T19:01:57","guid":{"rendered":"https:\/\/ongelpaso.org.uy\/autonomias\/?p=2130"},"modified":"2023-11-29T13:35:57","modified_gmt":"2023-11-29T13:35:57","slug":"el-1-de-agosto-se-presento-el-informe-mas-invisibles-la-trata-y-la-pandemia-en-el-salon-rojo-de-la-intendencia-de-montevideo","status":"publish","type":"post","link":"https:\/\/ongelpaso.org.uy\/autonomias\/el-1-de-agosto-se-presento-el-informe-mas-invisibles-la-trata-y-la-pandemia-en-el-salon-rojo-de-la-intendencia-de-montevideo\/","title":{"rendered":"El 1\u00b0 de agosto se present\u00f3 el informe \u00abM\u00e1s invisibles. La trata y la pandemia\u00bb en el Sal\u00f3n Rojo de la Intendencia de Montevideo"},"content":{"rendered":"<button id=\"listenButton1\" class=\"responsivevoice-button\" type=\"button\" value=\"Play\" title=\"ResponsiveVoice Tap to Start\/Stop Speech\"><span>&#128266; Escuchar<\/span><\/button>\n        <script>\n            listenButton1.onclick = function(){\n                if(responsiveVoice.isPlaying()){\n                    responsiveVoice.cancel();\n                }else{\n                    responsiveVoice.speak(\"Se presentaron los principales resultados del informe. Adem\u00e1s, se llev\u00f3 adelante una Mesa de intercambio sobre la situaci\u00f3n de la trata de mujeres en Uruguay, y los principales desaf\u00edos para detectarla y combatirla. Cont\u00f3 con la presencia de Sandra Perroni (Coordinadora - El Paso), Agustina Deleon (OIM), Daniela Sena (Inmujeres) y Luciana Oholeguy (INDDHH). Al final, contamos con el cierre art\u00edstico de Sandra Costabel (voz) y Jos\u00e9 Planchon (guitarra). La actividad, iniciada a las 10 de la ma\u00f1ana en el Sal\u00f3n Rojo de la Intendencia de Montevideo, const\u00f3 de una Mesa de apertura integrada por Mgtr. Solana Quesada, Directora de la Divisi\u00f3n Asesor\u00eda para la Igualdad de G\u00e9nero de la Intendencia de Montevideo; Lucila Pizzarulli, Jefa de Oficina Ad. Interina, OIM Uruguay; y Cristina Prego Tramuja, Coordinadora de Proyecto \\\"Autonom\u00edas colectivas contra la violencia de g\u00e9nero\\\". Luego Tamara Samudio, coordinadora del Observatorio contra la violencia de g\u00e9nero y acceso a la justicia, present\u00f3 los principales resultados de la investigaci\u00f3n \\\"M\u00e1s invisibles. La trata y la pandemia\\\", disponible para descargar aqu\u00ed. En la Mesa de intercambio posterior, expertas en la tem\u00e1tica compartieron sus opiniones y visiones sobre la realidad de la trata de personas en la actualidad, los desaf\u00edos y dificultades en la detecci\u00f3n y acompa\u00f1amiento integral a las v\u00edctimas de esta forma extrema de violencia y violaci\u00f3n de derechos fundamentales. La Mesa cont\u00f3 con la importante presencia de Sandra Perroni, Coordinadora del Servicio de atenci\u00f3n a mujeres v\u00edctimas de trata con fines de explotaci\u00f3n sexual (Convenio Mides - El Paso), Agustina Deleon (Oficial de Protecci\u00f3n, OIM), Daniela Sena (Jefa del Departamento de Promoci\u00f3n y Combate a la Trata de Mujeres de Inmujeres), Luciana Oholeguy (INDDHH), y fue moderada por Andrea Tuana, directora de El Paso. Sobre el final de la jornada, contamos con un cierre art\u00edstico en la voz de Sandra Costabel, y la guitarra de Jos\u00e9 Planch\u00f3n.\", \"Spanish Latin American Female\");\n                }\n            };\n        <\/script>\n    \n<p><strong>Se presentaron los principales resultados del informe. Adem\u00e1s, se llev\u00f3 adelante una Mesa de intercambio sobre la situaci\u00f3n de la trata de mujeres en Uruguay, y los principales desaf\u00edos para detectarla y combatirla. Cont\u00f3 con la presencia de Sandra Perroni (Coordinadora &#8211; El Paso), Agustina Deleon (OIM), Daniela Sena (Inmujeres) y Luciana Oholeguy (INDDHH). Al final, contamos con el cierre art\u00edstico de Sandra Costabel (voz) y Jos\u00e9 Planchon (guitarra).<\/strong><\/p>\n\n\n\n<p><\/p>\n\n\n\n<p><strong>La actividad, iniciada a las 10 de la ma\u00f1ana en el Sal\u00f3n Rojo de la Intendencia de Montevideo, const\u00f3 de una Mesa de apertura integrada por Mgtr. Solana Quesada, Directora de la Divisi\u00f3n Asesor\u00eda para la Igualdad de G\u00e9nero de la Intendencia de Montevideo; Lucila Pizzarulli, Jefa de Oficina Ad. Interina, OIM Uruguay; y Cristina Prego Tramuja, Coordinadora de Proyecto \u00abAutonom\u00edas colectivas contra la violencia de g\u00e9nero\u00bb. <\/strong><\/p>\n\n\n\n<p><strong>Luego Tamara Samudio, coordinadora del Observatorio contra la violencia de g\u00e9nero y acceso a la justicia, present\u00f3 los principales resultados de la investigaci\u00f3n \u00abM\u00e1s invisibles. La trata y la pandemia\u00bb, disponible para descargar<a href=\"https:\/\/ongelpaso.org.uy\/autonomias\/descarga-el-informe-mas-invisibles-la-trata-y-la-pandemia\/\"> aqu\u00ed. <\/a><\/strong><\/p>\n\n\n\n<p><strong>En la Mesa de intercambio posterior, expertas en la tem\u00e1tica compartieron sus opiniones y visiones sobre la realidad de la trata de personas en la actualidad, los desaf\u00edos y dificultades en la detecci\u00f3n y acompa\u00f1amiento integral a las v\u00edctimas de esta forma extrema de violencia y violaci\u00f3n de derechos fundamentales. La Mesa cont\u00f3 con la importante presencia de Sandra Perroni, Coordinadora del Servicio de atenci\u00f3n a mujeres v\u00edctimas de trata con fines de explotaci\u00f3n sexual (Convenio Mides &#8211; El Paso), Agustina Deleon (Oficial de Protecci\u00f3n, OIM), Daniela Sena (Jefa del Departamento de Promoci\u00f3n y Combate a la Trata de Mujeres de Inmujeres), Luciana Oholeguy (INDDHH), y fue moderada por Andrea Tuana, directora de El Paso. <\/strong><\/p>\n\n\n\n<p><strong>Sobre el final de la jornada, contamos con un cierre art\u00edstico en la voz de Sandra Costabel, y la guitarra de Jos\u00e9 Planch\u00f3n.<\/strong><\/p>\n\n\n\n<figure class=\"wp-block-gallery has-nested-images columns-default is-cropped wp-block-gallery-1 is-layout-flex wp-block-gallery-is-layout-flex\">\n<figure class=\"wp-block-image size-large\"><img loading=\"lazy\" decoding=\"async\" width=\"1024\" height=\"576\" data-id=\"2253\" src=\"https:\/\/ongelpaso.org.uy\/autonomias\/wp-content\/uploads\/2023\/09\/WhatsApp-Image-2023-08-24-at-17.25.31-1024x576.jpeg\" alt=\"\" class=\"wp-image-2253\" srcset=\"https:\/\/ongelpaso.org.uy\/autonomias\/wp-content\/uploads\/2023\/09\/WhatsApp-Image-2023-08-24-at-17.25.31-1024x576.jpeg 1024w, https:\/\/ongelpaso.org.uy\/autonomias\/wp-content\/uploads\/2023\/09\/WhatsApp-Image-2023-08-24-at-17.25.31-300x169.jpeg 300w, https:\/\/ongelpaso.org.uy\/autonomias\/wp-content\/uploads\/2023\/09\/WhatsApp-Image-2023-08-24-at-17.25.31-768x432.jpeg 768w, https:\/\/ongelpaso.org.uy\/autonomias\/wp-content\/uploads\/2023\/09\/WhatsApp-Image-2023-08-24-at-17.25.31-1536x863.jpeg 1536w, https:\/\/ongelpaso.org.uy\/autonomias\/wp-content\/uploads\/2023\/09\/WhatsApp-Image-2023-08-24-at-17.25.31.jpeg 2048w\" sizes=\"auto, (max-width: 1024px) 100vw, 1024px\" \/><\/figure>\n\n\n\n<figure class=\"wp-block-image size-large\"><img loading=\"lazy\" decoding=\"async\" width=\"1024\" height=\"576\" data-id=\"2257\" src=\"https:\/\/ongelpaso.org.uy\/autonomias\/wp-content\/uploads\/2023\/09\/WhatsApp-Image-2023-08-24-at-17.25.27-1024x576.jpeg\" alt=\"\" class=\"wp-image-2257\" srcset=\"https:\/\/ongelpaso.org.uy\/autonomias\/wp-content\/uploads\/2023\/09\/WhatsApp-Image-2023-08-24-at-17.25.27-1024x576.jpeg 1024w, https:\/\/ongelpaso.org.uy\/autonomias\/wp-content\/uploads\/2023\/09\/WhatsApp-Image-2023-08-24-at-17.25.27-300x169.jpeg 300w, https:\/\/ongelpaso.org.uy\/autonomias\/wp-content\/uploads\/2023\/09\/WhatsApp-Image-2023-08-24-at-17.25.27-768x432.jpeg 768w, https:\/\/ongelpaso.org.uy\/autonomias\/wp-content\/uploads\/2023\/09\/WhatsApp-Image-2023-08-24-at-17.25.27-1536x863.jpeg 1536w, https:\/\/ongelpaso.org.uy\/autonomias\/wp-content\/uploads\/2023\/09\/WhatsApp-Image-2023-08-24-at-17.25.27.jpeg 2048w\" sizes=\"auto, (max-width: 1024px) 100vw, 1024px\" \/><\/figure>\n\n\n\n<figure class=\"wp-block-image size-large\"><img loading=\"lazy\" decoding=\"async\" width=\"1024\" height=\"576\" data-id=\"2258\" src=\"https:\/\/ongelpaso.org.uy\/autonomias\/wp-content\/uploads\/2023\/09\/WhatsApp-Image-2023-08-24-at-17.25.26-1024x576.jpeg\" alt=\"\" class=\"wp-image-2258\" srcset=\"https:\/\/ongelpaso.org.uy\/autonomias\/wp-content\/uploads\/2023\/09\/WhatsApp-Image-2023-08-24-at-17.25.26-1024x576.jpeg 1024w, https:\/\/ongelpaso.org.uy\/autonomias\/wp-content\/uploads\/2023\/09\/WhatsApp-Image-2023-08-24-at-17.25.26-300x169.jpeg 300w, https:\/\/ongelpaso.org.uy\/autonomias\/wp-content\/uploads\/2023\/09\/WhatsApp-Image-2023-08-24-at-17.25.26-768x432.jpeg 768w, https:\/\/ongelpaso.org.uy\/autonomias\/wp-content\/uploads\/2023\/09\/WhatsApp-Image-2023-08-24-at-17.25.26-1536x863.jpeg 1536w, https:\/\/ongelpaso.org.uy\/autonomias\/wp-content\/uploads\/2023\/09\/WhatsApp-Image-2023-08-24-at-17.25.26.jpeg 2048w\" sizes=\"auto, (max-width: 1024px) 100vw, 1024px\" \/><\/figure>\n\n\n\n<figure class=\"wp-block-image size-large\"><img loading=\"lazy\" decoding=\"async\" width=\"1024\" height=\"576\" data-id=\"2254\" src=\"https:\/\/ongelpaso.org.uy\/autonomias\/wp-content\/uploads\/2023\/09\/WhatsApp-Image-2023-08-24-at-17.25.24-1024x576.jpeg\" alt=\"\" class=\"wp-image-2254\" srcset=\"https:\/\/ongelpaso.org.uy\/autonomias\/wp-content\/uploads\/2023\/09\/WhatsApp-Image-2023-08-24-at-17.25.24-1024x576.jpeg 1024w, https:\/\/ongelpaso.org.uy\/autonomias\/wp-content\/uploads\/2023\/09\/WhatsApp-Image-2023-08-24-at-17.25.24-300x169.jpeg 300w, https:\/\/ongelpaso.org.uy\/autonomias\/wp-content\/uploads\/2023\/09\/WhatsApp-Image-2023-08-24-at-17.25.24-768x432.jpeg 768w, https:\/\/ongelpaso.org.uy\/autonomias\/wp-content\/uploads\/2023\/09\/WhatsApp-Image-2023-08-24-at-17.25.24-1536x863.jpeg 1536w, https:\/\/ongelpaso.org.uy\/autonomias\/wp-content\/uploads\/2023\/09\/WhatsApp-Image-2023-08-24-at-17.25.24.jpeg 2048w\" sizes=\"auto, (max-width: 1024px) 100vw, 1024px\" \/><\/figure>\n\n\n\n<figure class=\"wp-block-image size-large\"><img loading=\"lazy\" decoding=\"async\" width=\"1024\" height=\"576\" data-id=\"2255\" src=\"https:\/\/ongelpaso.org.uy\/autonomias\/wp-content\/uploads\/2023\/09\/WhatsApp-Image-2023-08-24-at-17.25.23-1024x576.jpeg\" alt=\"\" class=\"wp-image-2255\" srcset=\"https:\/\/ongelpaso.org.uy\/autonomias\/wp-content\/uploads\/2023\/09\/WhatsApp-Image-2023-08-24-at-17.25.23-1024x576.jpeg 1024w, https:\/\/ongelpaso.org.uy\/autonomias\/wp-content\/uploads\/2023\/09\/WhatsApp-Image-2023-08-24-at-17.25.23-300x169.jpeg 300w, https:\/\/ongelpaso.org.uy\/autonomias\/wp-content\/uploads\/2023\/09\/WhatsApp-Image-2023-08-24-at-17.25.23-768x432.jpeg 768w, https:\/\/ongelpaso.org.uy\/autonomias\/wp-content\/uploads\/2023\/09\/WhatsApp-Image-2023-08-24-at-17.25.23-1536x863.jpeg 1536w, https:\/\/ongelpaso.org.uy\/autonomias\/wp-content\/uploads\/2023\/09\/WhatsApp-Image-2023-08-24-at-17.25.23.jpeg 2048w\" sizes=\"auto, (max-width: 1024px) 100vw, 1024px\" \/><\/figure>\n<\/figure>\n","protected":false},"excerpt":{"rendered":"<p>&#128266; Escuchar Se presentaron los principales resultados del informe. Adem\u00e1s, se llev\u00f3 adelante una Mesa de intercambio sobre la situaci\u00f3n de la trata de mujeres en Uruguay, y los principales desaf\u00edos para detectarla y combatirla. Cont\u00f3 con la presencia de Sandra Perroni (Coordinadora &#8211; El Paso), Agustina Deleon (OIM), Daniela Sena (Inmujeres) y Luciana Oholeguy [&hellip;]<\/p>\n","protected":false},"author":4,"featured_media":2059,"comment_status":"closed","ping_status":"open","sticky":false,"template":"","format":"standard","meta":{"footnotes":""},"categories":[1,16,6],"tags":[17,21,22,23],"class_list":["post-2130","post","type-post","status-publish","format-standard","has-post-thumbnail","hentry","category-noticias","category-observatorio","category-trata","tag-observatorio-contra-la-violencia-basada-en-genero-y-acceso-a-la-justicia","tag-trata","tag-trata-laboral","tag-trata-sexual"],"_links":{"self":[{"href":"https:\/\/ongelpaso.org.uy\/autonomias\/wp-json\/wp\/v2\/posts\/2130","targetHints":{"allow":["GET"]}}],"collection":[{"href":"https:\/\/ongelpaso.org.uy\/autonomias\/wp-json\/wp\/v2\/posts"}],"about":[{"href":"https:\/\/ongelpaso.org.uy\/autonomias\/wp-json\/wp\/v2\/types\/post"}],"author":[{"embeddable":true,"href":"https:\/\/ongelpaso.org.uy\/autonomias\/wp-json\/wp\/v2\/users\/4"}],"replies":[{"embeddable":true,"href":"https:\/\/ongelpaso.org.uy\/autonomias\/wp-json\/wp\/v2\/comments?post=2130"}],"version-history":[{"count":4,"href":"https:\/\/ongelpaso.org.uy\/autonomias\/wp-json\/wp\/v2\/posts\/2130\/revisions"}],"predecessor-version":[{"id":2310,"href":"https:\/\/ongelpaso.org.uy\/autonomias\/wp-json\/wp\/v2\/posts\/2130\/revisions\/2310"}],"wp:featuredmedia":[{"embeddable":true,"href":"https:\/\/ongelpaso.org.uy\/autonomias\/wp-json\/wp\/v2\/media\/2059"}],"wp:attachment":[{"href":"https:\/\/ongelpaso.org.uy\/autonomias\/wp-json\/wp\/v2\/media?parent=2130"}],"wp:term":[{"taxonomy":"category","embeddable":true,"href":"https:\/\/ongelpaso.org.uy\/autonomias\/wp-json\/wp\/v2\/categories?post=2130"},{"taxonomy":"post_tag","embeddable":true,"href":"https:\/\/ongelpaso.org.uy\/autonomias\/wp-json\/wp\/v2\/tags?post=2130"}],"curies":[{"name":"wp","href":"https:\/\/api.w.org\/{rel}","templated":true}]}}