{"id":2311,"date":"2023-11-29T23:06:10","date_gmt":"2023-11-29T23:06:10","guid":{"rendered":"https:\/\/ongelpaso.org.uy\/autonomias\/?p=2311"},"modified":"2023-11-30T16:59:28","modified_gmt":"2023-11-30T16:59:28","slug":"se-realizo-el-primer-encuentro-de-mujeres-de-grupos-de-reparacion-de-violencia-sexual","status":"publish","type":"post","link":"https:\/\/ongelpaso.org.uy\/autonomias\/se-realizo-el-primer-encuentro-de-mujeres-de-grupos-de-reparacion-de-violencia-sexual\/","title":{"rendered":"Se realiz\u00f3 el Primer Encuentro de Mujeres de Grupos de Reparaci\u00f3n de Violencia Sexual"},"content":{"rendered":"<button id=\"listenButton1\" class=\"responsivevoice-button\" type=\"button\" value=\"Play\" title=\"ResponsiveVoice Tap to Start\/Stop Speech\"><span>&#128266; Escuchar<\/span><\/button>\n        <script>\n            listenButton1.onclick = function(){\n                if(responsiveVoice.isPlaying()){\n                    responsiveVoice.cancel();\n                }else{\n                    responsiveVoice.speak(\"El s\u00e1bado 18 de noviembre se llev\u00f3 adelante este Primer Encuentro, que reuni\u00f3 a m\u00e1s de 30 mujeres de distintos departamentos del pa\u00eds. Llegaron al Encuentro mujeres de distintos departamentos del pa\u00eds, como Salto, Rivera, Cerro Largo y Flores, adem\u00e1s de las mujeres que desde Montevideo han participado de los Grupos de reparaci\u00f3n de Violencia Sexual. Estos espacios apelan a la trascendencia de lo personal al \u00e1mbito social y pol\u00edtico; transformando la concepci\u00f3n de las vivencias de la violencia y especialmente del abuso sexual sobre los cuerpos de las mujeres como sucesos aislados, individuales, en hechos vislumbrados como jur\u00eddicos, culturales y pol\u00edticos. En la jornada se conocieron, intercambiaron sobre las experiencias transitadas en los Grupos, y la necesidad de continuar trabajando colectivamente, agendando nuevos encuentros para empezar a coordinar nuevas actividades. Adem\u00e1s, se presentaron los primeros resultados de una Encuesta realizada a mujeres que participaron en los grupos, sobre su experiencia transitada en torno a la violencia sexual, el abordaje en instituciones, las consecuencias que deja en ellas.\", \"Spanish Latin American Female\");\n                }\n            };\n        <\/script>\n    \n<div class=\"wp-block-cover alignfull\" style=\"min-height:158px;aspect-ratio:unset;\"><span aria-hidden=\"true\" class=\"wp-block-cover__background has-background-dim\"><\/span><img loading=\"lazy\" decoding=\"async\" width=\"1024\" height=\"309\" class=\"wp-block-cover__image-background wp-image-2329\" alt=\"\" src=\"https:\/\/ongelpaso.org.uy\/autonomias\/wp-content\/uploads\/2023\/11\/para-web-1024x309.jpg\" style=\"object-position:62% 34%\" data-object-fit=\"cover\" data-object-position=\"62% 34%\" srcset=\"https:\/\/ongelpaso.org.uy\/autonomias\/wp-content\/uploads\/2023\/11\/para-web-1024x309.jpg 1024w, https:\/\/ongelpaso.org.uy\/autonomias\/wp-content\/uploads\/2023\/11\/para-web-300x91.jpg 300w, https:\/\/ongelpaso.org.uy\/autonomias\/wp-content\/uploads\/2023\/11\/para-web-768x232.jpg 768w, https:\/\/ongelpaso.org.uy\/autonomias\/wp-content\/uploads\/2023\/11\/para-web-1536x464.jpg 1536w, https:\/\/ongelpaso.org.uy\/autonomias\/wp-content\/uploads\/2023\/11\/para-web.jpg 1600w\" sizes=\"auto, (max-width: 1024px) 100vw, 1024px\" \/><div class=\"wp-block-cover__inner-container is-layout-flow wp-block-cover-is-layout-flow\">\n<p class=\"has-text-align-center has-large-font-size\"><\/p>\n<\/div><\/div>\n\n\n\n<div style=\"height:25px\" aria-hidden=\"true\" class=\"wp-block-spacer\"><\/div>\n\n\n\n<p><strong>El s\u00e1bado 18 de noviembre se llev\u00f3 adelante este Primer Encuentro, que reuni\u00f3 a m\u00e1s de 30 mujeres de distintos departamentos del pa\u00eds. <\/strong><\/p>\n\n\n\n<p>Llegaron al Encuentro mujeres de distintos departamentos del pa\u00eds, como Salto, Rivera, Cerro Largo y Flores, adem\u00e1s de las mujeres que desde Montevideo han participado de los Grupos de reparaci\u00f3n de Violencia Sexual. Estos espacios apelan a la trascendencia de lo personal al \u00e1mbito social y pol\u00edtico; transformando la concepci\u00f3n de las vivencias de la violencia y especialmente del abuso sexual sobre los cuerpos de las mujeres como sucesos aislados, individuales, en hechos vislumbrados como jur\u00eddicos, culturales y pol\u00edticos.<\/p>\n\n\n\n<p>En la jornada se conocieron, intercambiaron sobre las experiencias transitadas en los Grupos, y la necesidad de continuar trabajando colectivamente, agendando nuevos encuentros para empezar a coordinar nuevas actividades. <\/p>\n\n\n\n<p>Adem\u00e1s, se presentaron los primeros resultados de  una Encuesta realizada a mujeres que participaron en los grupos, sobre su experiencia transitada en torno a la violencia sexual, el abordaje en instituciones, las consecuencias que deja en ellas.  <\/p>\n\n\n\n<div class=\"wp-block-group is-vertical is-layout-flex wp-container-core-group-is-layout-fe9cc265 wp-block-group-is-layout-flex\">\n<figure class=\"wp-block-gallery has-nested-images columns-default is-cropped wp-block-gallery-1 is-layout-flex wp-block-gallery-is-layout-flex\">\n<figure class=\"wp-block-image size-large\"><img loading=\"lazy\" decoding=\"async\" width=\"1024\" height=\"576\" data-id=\"2338\" src=\"https:\/\/ongelpaso.org.uy\/autonomias\/wp-content\/uploads\/2023\/11\/WhatsApp-Image-2023-11-21-at-17.00.16-1-1-1024x576.jpeg\" alt=\"\" class=\"wp-image-2338\" srcset=\"https:\/\/ongelpaso.org.uy\/autonomias\/wp-content\/uploads\/2023\/11\/WhatsApp-Image-2023-11-21-at-17.00.16-1-1-1024x576.jpeg 1024w, https:\/\/ongelpaso.org.uy\/autonomias\/wp-content\/uploads\/2023\/11\/WhatsApp-Image-2023-11-21-at-17.00.16-1-1-300x169.jpeg 300w, https:\/\/ongelpaso.org.uy\/autonomias\/wp-content\/uploads\/2023\/11\/WhatsApp-Image-2023-11-21-at-17.00.16-1-1-768x432.jpeg 768w, https:\/\/ongelpaso.org.uy\/autonomias\/wp-content\/uploads\/2023\/11\/WhatsApp-Image-2023-11-21-at-17.00.16-1-1-1536x864.jpeg 1536w, https:\/\/ongelpaso.org.uy\/autonomias\/wp-content\/uploads\/2023\/11\/WhatsApp-Image-2023-11-21-at-17.00.16-1-1.jpeg 1600w\" sizes=\"auto, (max-width: 1024px) 100vw, 1024px\" \/><\/figure>\n\n\n\n<figure class=\"wp-block-image size-large\"><img loading=\"lazy\" decoding=\"async\" width=\"1024\" height=\"576\" data-id=\"2337\" src=\"https:\/\/ongelpaso.org.uy\/autonomias\/wp-content\/uploads\/2023\/11\/WhatsApp-Image-2023-11-21-at-17.00.15-1-1024x576.jpeg\" alt=\"\" class=\"wp-image-2337\" srcset=\"https:\/\/ongelpaso.org.uy\/autonomias\/wp-content\/uploads\/2023\/11\/WhatsApp-Image-2023-11-21-at-17.00.15-1-1024x576.jpeg 1024w, https:\/\/ongelpaso.org.uy\/autonomias\/wp-content\/uploads\/2023\/11\/WhatsApp-Image-2023-11-21-at-17.00.15-1-300x169.jpeg 300w, https:\/\/ongelpaso.org.uy\/autonomias\/wp-content\/uploads\/2023\/11\/WhatsApp-Image-2023-11-21-at-17.00.15-1-768x432.jpeg 768w, https:\/\/ongelpaso.org.uy\/autonomias\/wp-content\/uploads\/2023\/11\/WhatsApp-Image-2023-11-21-at-17.00.15-1-1536x864.jpeg 1536w, https:\/\/ongelpaso.org.uy\/autonomias\/wp-content\/uploads\/2023\/11\/WhatsApp-Image-2023-11-21-at-17.00.15-1.jpeg 1600w\" sizes=\"auto, (max-width: 1024px) 100vw, 1024px\" \/><\/figure>\n\n\n\n<figure class=\"wp-block-image size-large\"><img loading=\"lazy\" decoding=\"async\" width=\"1024\" height=\"576\" data-id=\"2336\" src=\"https:\/\/ongelpaso.org.uy\/autonomias\/wp-content\/uploads\/2023\/11\/WhatsApp-Image-2023-11-21-at-17.00.17-1-1024x576.jpeg\" alt=\"\" class=\"wp-image-2336\" srcset=\"https:\/\/ongelpaso.org.uy\/autonomias\/wp-content\/uploads\/2023\/11\/WhatsApp-Image-2023-11-21-at-17.00.17-1-1024x576.jpeg 1024w, https:\/\/ongelpaso.org.uy\/autonomias\/wp-content\/uploads\/2023\/11\/WhatsApp-Image-2023-11-21-at-17.00.17-1-300x169.jpeg 300w, https:\/\/ongelpaso.org.uy\/autonomias\/wp-content\/uploads\/2023\/11\/WhatsApp-Image-2023-11-21-at-17.00.17-1-768x432.jpeg 768w, https:\/\/ongelpaso.org.uy\/autonomias\/wp-content\/uploads\/2023\/11\/WhatsApp-Image-2023-11-21-at-17.00.17-1-1536x864.jpeg 1536w, https:\/\/ongelpaso.org.uy\/autonomias\/wp-content\/uploads\/2023\/11\/WhatsApp-Image-2023-11-21-at-17.00.17-1.jpeg 1600w\" sizes=\"auto, (max-width: 1024px) 100vw, 1024px\" \/><\/figure>\n<\/figure>\n\n\n\n<div class=\"wp-block-group is-nowrap is-layout-flex wp-container-core-group-is-layout-6c531013 wp-block-group-is-layout-flex\"><\/div>\n\n\n\n<div style=\"height:0px\" aria-hidden=\"true\" class=\"wp-block-spacer wp-container-content-6388d5dc\"><\/div>\n<\/div>\n","protected":false},"excerpt":{"rendered":"<p>&#128266; Escuchar El s\u00e1bado 18 de noviembre se llev\u00f3 adelante este Primer Encuentro, que reuni\u00f3 a m\u00e1s de 30 mujeres de distintos departamentos del pa\u00eds. Llegaron al Encuentro mujeres de distintos departamentos del pa\u00eds, como Salto, Rivera, Cerro Largo y Flores, adem\u00e1s de las mujeres que desde Montevideo han participado de los Grupos de reparaci\u00f3n [&hellip;]<\/p>\n","protected":false},"author":4,"featured_media":2337,"comment_status":"closed","ping_status":"open","sticky":false,"template":"","format":"standard","meta":{"footnotes":""},"categories":[12,19,1,5],"tags":[],"class_list":["post-2311","post","type-post","status-publish","format-standard","has-post-thumbnail","hentry","category-autonomia-fisica","category-grupos-de-mujeres","category-noticias","category-violencia-sexual"],"_links":{"self":[{"href":"https:\/\/ongelpaso.org.uy\/autonomias\/wp-json\/wp\/v2\/posts\/2311","targetHints":{"allow":["GET"]}}],"collection":[{"href":"https:\/\/ongelpaso.org.uy\/autonomias\/wp-json\/wp\/v2\/posts"}],"about":[{"href":"https:\/\/ongelpaso.org.uy\/autonomias\/wp-json\/wp\/v2\/types\/post"}],"author":[{"embeddable":true,"href":"https:\/\/ongelpaso.org.uy\/autonomias\/wp-json\/wp\/v2\/users\/4"}],"replies":[{"embeddable":true,"href":"https:\/\/ongelpaso.org.uy\/autonomias\/wp-json\/wp\/v2\/comments?post=2311"}],"version-history":[{"count":4,"href":"https:\/\/ongelpaso.org.uy\/autonomias\/wp-json\/wp\/v2\/posts\/2311\/revisions"}],"predecessor-version":[{"id":2340,"href":"https:\/\/ongelpaso.org.uy\/autonomias\/wp-json\/wp\/v2\/posts\/2311\/revisions\/2340"}],"wp:featuredmedia":[{"embeddable":true,"href":"https:\/\/ongelpaso.org.uy\/autonomias\/wp-json\/wp\/v2\/media\/2337"}],"wp:attachment":[{"href":"https:\/\/ongelpaso.org.uy\/autonomias\/wp-json\/wp\/v2\/media?parent=2311"}],"wp:term":[{"taxonomy":"category","embeddable":true,"href":"https:\/\/ongelpaso.org.uy\/autonomias\/wp-json\/wp\/v2\/categories?post=2311"},{"taxonomy":"post_tag","embeddable":true,"href":"https:\/\/ongelpaso.org.uy\/autonomias\/wp-json\/wp\/v2\/tags?post=2311"}],"curies":[{"name":"wp","href":"https:\/\/api.w.org\/{rel}","templated":true}]}}