{"id":2455,"date":"2023-12-08T20:30:45","date_gmt":"2023-12-08T20:30:45","guid":{"rendered":"https:\/\/ongelpaso.org.uy\/autonomias\/?p=2455"},"modified":"2023-12-08T20:49:45","modified_gmt":"2023-12-08T20:49:45","slug":"realizamos-en-paysandu-el-conversatorio-sobre-explotacion-sexual-y-trata-de-personas","status":"publish","type":"post","link":"https:\/\/ongelpaso.org.uy\/autonomias\/realizamos-en-paysandu-el-conversatorio-sobre-explotacion-sexual-y-trata-de-personas\/","title":{"rendered":"REALIZAMOS EN PAYSAND\u00da EL CONVERSATORIO SOBRE EXPLOTACI\u00d3N SEXUAL Y TRATA DE PERSONAS"},"content":{"rendered":"<button id=\"listenButton1\" class=\"responsivevoice-button\" type=\"button\" value=\"Play\" title=\"ResponsiveVoice Tap to Start\/Stop Speech\"><span>&#128266; Escuchar<\/span><\/button>\n        <script>\n            listenButton1.onclick = function(){\n                if(responsiveVoice.isPlaying()){\n                    responsiveVoice.cancel();\n                }else{\n                    responsiveVoice.speak(\"La actividad present\u00f3 el Informe \\\"M\u00e1s invisibles. La trata y la pandemia\\\", y una mesa de intercambio sobre las dificultades en la detecci\u00f3n de explotaci\u00f3n sexual en infancias y adolescencias, en especial la que ocurre en medios digitales. Adem\u00e1s, se dialog\u00f3 sobre la situaci\u00f3n en Uruguay, con foco en el litoral y Paysand\u00fa. El conversatorio se llev\u00f3 adelante en la ciudad de Paysand\u00fa el 21 de setiembre pasado, en la Casa de la Cultura. Const\u00f3 de dos mesas sobre las tem\u00e1ticas de convocatoria; la primera, sobre Trata de personas, present\u00f3 los principales resultados del Informe \\\"M\u00e1s invisibles. La trata y la pandemia\\\". Luego, se dio espacio para que las invitadas comentaran los hallazgos y la situaci\u00f3n existente en el litoral; participaron Dra. Gabriela Beneventano, Lic. Stephanie Mart\u00ednez (integrantes del Servicio de Trata, Paysand\u00fa de INMUJERES, El Paso); \u00a0Agustina Deleon (Oficial de Protecci\u00f3n, Organizaci\u00f3n Internacional para las Migraciones); Sandra Perroni (Coordinadora del Servicio de Atenci\u00f3n a v\u00edctimas de trata con fines de explotaci\u00f3n sexual), y cont\u00f3 con la moderaci\u00f3n de Marisa Acosta, Encargada de G\u00e9nero, Generaciones y Derechos Humanos de la Intendencia de Paysand\u00fa. En la segunda Mesa, sobre Explotaci\u00f3n sexual de infancias y adolescencias, la Lic. Manuela Costa (Facultad de Psicolog\u00eda, UDELAR)present\u00f3 de forma virtual la investigaci\u00f3n: \u201cExplotaci\u00f3n sexual comercial de ni\u00f1os, ni\u00f1as, y adolescentes y entornos digitales: aportes de la investigaci\u00f3n internacional para construir un estudio de situaci\u00f3n nacional\u201d. Luego, la Lic. Psicolog\u00eda Alejandra Bentancor, Integrante del equipo Itinerante de atenci\u00f3n a situaciones de explotaci\u00f3n sexual de ni\u00f1as, ni\u00f1os y adolescentes, coment\u00f3 desde su experiencia las dificultades en la detecci\u00f3n y abordaje de las situaciones, as\u00ed como los desaf\u00edos existentes en relaci\u00f3n a la utilizaci\u00f3n de medios digitales para la explotaci\u00f3n. Este intercambio cont\u00f3 con la moderaci\u00f3n y participaci\u00f3n de Cristina Prego Tramuja, Coordinadora del Proyecto \u201cAutonom\u00edas Colectivas contra la violencia de g\u00e9nero\u201d\", \"Spanish Latin American Female\");\n                }\n            };\n        <\/script>\n    \n<p><strong>La actividad present\u00f3 el Informe \u00abM\u00e1s invisibles. La trata y la pandemia\u00bb, y una mesa de intercambio sobre las dificultades en la detecci\u00f3n de explotaci\u00f3n sexual en infancias y adolescencias, en especial la que ocurre en medios digitales. Adem\u00e1s, se dialog\u00f3 sobre la situaci\u00f3n en Uruguay, con foco en el litoral y Paysand\u00fa.<\/strong><\/p>\n\n\n<div class=\"wp-block-image\">\n<figure data-wp-context=\"{&quot;imageId&quot;:&quot;69efa91fe5b32&quot;}\" data-wp-interactive=\"core\/image\" data-wp-key=\"69efa91fe5b32\" class=\"alignleft size-large is-resized wp-lightbox-container\"><img loading=\"lazy\" decoding=\"async\" width=\"1024\" height=\"576\" data-wp-class--hide=\"state.isContentHidden\" data-wp-class--show=\"state.isContentVisible\" data-wp-init=\"callbacks.setButtonStyles\" data-wp-on--click=\"actions.showLightbox\" data-wp-on--load=\"callbacks.setButtonStyles\" data-wp-on-window--resize=\"callbacks.setButtonStyles\" src=\"https:\/\/ongelpaso.org.uy\/autonomias\/wp-content\/uploads\/2023\/12\/WhatsApp-Image-2023-12-07-at-12.22.50-1024x576.jpeg\" alt=\"\" class=\"wp-image-2464\" style=\"width:393px;height:auto\" srcset=\"https:\/\/ongelpaso.org.uy\/autonomias\/wp-content\/uploads\/2023\/12\/WhatsApp-Image-2023-12-07-at-12.22.50-1024x576.jpeg 1024w, https:\/\/ongelpaso.org.uy\/autonomias\/wp-content\/uploads\/2023\/12\/WhatsApp-Image-2023-12-07-at-12.22.50-300x169.jpeg 300w, https:\/\/ongelpaso.org.uy\/autonomias\/wp-content\/uploads\/2023\/12\/WhatsApp-Image-2023-12-07-at-12.22.50-768x432.jpeg 768w, https:\/\/ongelpaso.org.uy\/autonomias\/wp-content\/uploads\/2023\/12\/WhatsApp-Image-2023-12-07-at-12.22.50-1536x863.jpeg 1536w, https:\/\/ongelpaso.org.uy\/autonomias\/wp-content\/uploads\/2023\/12\/WhatsApp-Image-2023-12-07-at-12.22.50.jpeg 2048w\" sizes=\"auto, (max-width: 1024px) 100vw, 1024px\" \/><button\n\t\t\tclass=\"lightbox-trigger\"\n\t\t\ttype=\"button\"\n\t\t\taria-haspopup=\"dialog\"\n\t\t\taria-label=\"Agrandar\"\n\t\t\tdata-wp-init=\"callbacks.initTriggerButton\"\n\t\t\tdata-wp-on--click=\"actions.showLightbox\"\n\t\t\tdata-wp-style--right=\"state.imageButtonRight\"\n\t\t\tdata-wp-style--top=\"state.imageButtonTop\"\n\t\t>\n\t\t\t<svg xmlns=\"http:\/\/www.w3.org\/2000\/svg\" width=\"12\" height=\"12\" fill=\"none\" viewBox=\"0 0 12 12\">\n\t\t\t\t<path fill=\"#fff\" d=\"M2 0a2 2 0 0 0-2 2v2h1.5V2a.5.5 0 0 1 .5-.5h2V0H2Zm2 10.5H2a.5.5 0 0 1-.5-.5V8H0v2a2 2 0 0 0 2 2h2v-1.5ZM8 12v-1.5h2a.5.5 0 0 0 .5-.5V8H12v2a2 2 0 0 1-2 2H8Zm2-12a2 2 0 0 1 2 2v2h-1.5V2a.5.5 0 0 0-.5-.5H8V0h2Z\" \/>\n\t\t\t<\/svg>\n\t\t<\/button><\/figure>\n<\/div>\n\n\n<p>El conversatorio se llev\u00f3 adelante en la ciudad de Paysand\u00fa el 21 de setiembre pasado, en la Casa de la Cultura. Const\u00f3 de<strong> dos mesas<\/strong> sobre las tem\u00e1ticas de convocatoria; la primera, sobre<strong> Trata de personas<\/strong>, present\u00f3 los principales resultados del<a href=\"https:\/\/ongelpaso.org.uy\/autonomias\/descarga-el-informe-mas-invisibles-la-trata-y-la-pandemia\/\" data-type=\"link\" data-id=\"https:\/\/ongelpaso.org.uy\/autonomias\/descarga-el-informe-mas-invisibles-la-trata-y-la-pandemia\/\"> Informe \u00abM\u00e1s invisibles. La trata y la pandemia\u00bb<\/a>. Luego, se dio espacio para que las invitadas comentaran los hallazgos y la situaci\u00f3n existente en el litoral; participaron Dra. Gabriela Beneventano, Lic. Stephanie Mart\u00ednez (integrantes del Servicio de Trata, Paysand\u00fa de INMUJERES, El Paso); \u00a0Agustina Deleon (Oficial de Protecci\u00f3n, Organizaci\u00f3n Internacional para las Migraciones); Sandra Perroni (Coordinadora del Servicio de Atenci\u00f3n a v\u00edctimas de trata con fines de explotaci\u00f3n sexual), y cont\u00f3 con la moderaci\u00f3n de Marisa Acosta, Encargada de G\u00e9nero, Generaciones y Derechos Humanos de la Intendencia de Paysand\u00fa.<\/p>\n\n\n\n<p>En la segunda Mesa, sobre <strong>Explotaci\u00f3n sexual de infancias y adolescencias<\/strong>, la Lic. Manuela Costa (Facultad de Psicolog\u00eda, UDELAR)present\u00f3 de forma virtual la investigaci\u00f3n: \u201cExplotaci\u00f3n sexual comercial de ni\u00f1os, ni\u00f1as, y adolescentes y entornos digitales: aportes de la investigaci\u00f3n internacional para construir un estudio de situaci\u00f3n nacional\u201d. Luego, la Lic. Psicolog\u00eda Alejandra Bentancor, Integrante del equipo Itinerante de atenci\u00f3n a situaciones de explotaci\u00f3n sexual de ni\u00f1as, ni\u00f1os y adolescentes, coment\u00f3 desde su experiencia las dificultades en la detecci\u00f3n y abordaje de las situaciones, as\u00ed como los desaf\u00edos existentes en relaci\u00f3n a la utilizaci\u00f3n de medios digitales para la explotaci\u00f3n. Este intercambio cont\u00f3 con la moderaci\u00f3n y participaci\u00f3n de Cristina Prego Tramuja, Coordinadora del Proyecto \u201cAutonom\u00edas Colectivas contra la violencia de g\u00e9nero\u201d<\/p>\n\n\n\n<div class=\"wp-block-getwid-images-slider has-arrows-inside has-dots-inside has-images-center has-cropped-images\"><div class=\"wp-block-getwid-images-slider__wrapper\" data-effect=\"slide\" data-slides-show=\"1\" data-slides-show-laptop=\"1\" data-slides-show-tablet=\"1\" data-slides-show-mobile=\"1\" data-slides-scroll=\"1\" data-autoplay=\"false\" data-autoplay-speed=\"6000\" data-infinite=\"true\" data-animation-speed=\"800\" data-center-mode=\"false\" data-variable-width=\"false\" data-arrows=\"inside\" data-dots=\"inside\" data-spacing=\"none\"><div class=\"wp-block-getwid-images-slider__item\"><figure><img loading=\"lazy\" decoding=\"async\" width=\"2048\" height=\"1151\" src=\"https:\/\/ongelpaso.org.uy\/autonomias\/wp-content\/uploads\/2023\/12\/WhatsApp-Image-2023-12-07-at-12.22.52.jpeg\" data-id=\"2463\" data-link=\"https:\/\/ongelpaso.org.uy\/autonomias\/?attachment_id=2463\" data-original-link=\"https:\/\/ongelpaso.org.uy\/autonomias\/wp-content\/uploads\/2023\/12\/WhatsApp-Image-2023-12-07-at-12.22.52.jpeg\" class=\"wp-block-getwid-images-slider__image wp-image-2463\" srcset=\"https:\/\/ongelpaso.org.uy\/autonomias\/wp-content\/uploads\/2023\/12\/WhatsApp-Image-2023-12-07-at-12.22.52.jpeg 2048w, https:\/\/ongelpaso.org.uy\/autonomias\/wp-content\/uploads\/2023\/12\/WhatsApp-Image-2023-12-07-at-12.22.52-300x169.jpeg 300w, https:\/\/ongelpaso.org.uy\/autonomias\/wp-content\/uploads\/2023\/12\/WhatsApp-Image-2023-12-07-at-12.22.52-1024x576.jpeg 1024w, https:\/\/ongelpaso.org.uy\/autonomias\/wp-content\/uploads\/2023\/12\/WhatsApp-Image-2023-12-07-at-12.22.52-768x432.jpeg 768w, https:\/\/ongelpaso.org.uy\/autonomias\/wp-content\/uploads\/2023\/12\/WhatsApp-Image-2023-12-07-at-12.22.52-1536x863.jpeg 1536w\" sizes=\"auto, (max-width: 2048px) 100vw, 2048px\" \/><\/figure><\/div><div class=\"wp-block-getwid-images-slider__item\"><figure><img loading=\"lazy\" decoding=\"async\" width=\"2048\" height=\"1151\" src=\"https:\/\/ongelpaso.org.uy\/autonomias\/wp-content\/uploads\/2023\/12\/WhatsApp-Image-2023-12-07-at-12.22.54.jpeg\" data-id=\"2461\" data-link=\"https:\/\/ongelpaso.org.uy\/autonomias\/?attachment_id=2461\" data-original-link=\"https:\/\/ongelpaso.org.uy\/autonomias\/wp-content\/uploads\/2023\/12\/WhatsApp-Image-2023-12-07-at-12.22.54.jpeg\" class=\"wp-block-getwid-images-slider__image wp-image-2461\" srcset=\"https:\/\/ongelpaso.org.uy\/autonomias\/wp-content\/uploads\/2023\/12\/WhatsApp-Image-2023-12-07-at-12.22.54.jpeg 2048w, https:\/\/ongelpaso.org.uy\/autonomias\/wp-content\/uploads\/2023\/12\/WhatsApp-Image-2023-12-07-at-12.22.54-300x169.jpeg 300w, https:\/\/ongelpaso.org.uy\/autonomias\/wp-content\/uploads\/2023\/12\/WhatsApp-Image-2023-12-07-at-12.22.54-1024x576.jpeg 1024w, https:\/\/ongelpaso.org.uy\/autonomias\/wp-content\/uploads\/2023\/12\/WhatsApp-Image-2023-12-07-at-12.22.54-768x432.jpeg 768w, https:\/\/ongelpaso.org.uy\/autonomias\/wp-content\/uploads\/2023\/12\/WhatsApp-Image-2023-12-07-at-12.22.54-1536x863.jpeg 1536w\" sizes=\"auto, (max-width: 2048px) 100vw, 2048px\" \/><\/figure><\/div><div class=\"wp-block-getwid-images-slider__item\"><figure><img loading=\"lazy\" decoding=\"async\" width=\"2048\" height=\"1151\" src=\"https:\/\/ongelpaso.org.uy\/autonomias\/wp-content\/uploads\/2023\/12\/WhatsApp-Image-2023-12-07-at-12.22.55.jpeg\" data-id=\"2460\" data-link=\"https:\/\/ongelpaso.org.uy\/autonomias\/?attachment_id=2460\" data-original-link=\"https:\/\/ongelpaso.org.uy\/autonomias\/wp-content\/uploads\/2023\/12\/WhatsApp-Image-2023-12-07-at-12.22.55.jpeg\" class=\"wp-block-getwid-images-slider__image wp-image-2460\" srcset=\"https:\/\/ongelpaso.org.uy\/autonomias\/wp-content\/uploads\/2023\/12\/WhatsApp-Image-2023-12-07-at-12.22.55.jpeg 2048w, https:\/\/ongelpaso.org.uy\/autonomias\/wp-content\/uploads\/2023\/12\/WhatsApp-Image-2023-12-07-at-12.22.55-300x169.jpeg 300w, https:\/\/ongelpaso.org.uy\/autonomias\/wp-content\/uploads\/2023\/12\/WhatsApp-Image-2023-12-07-at-12.22.55-1024x576.jpeg 1024w, https:\/\/ongelpaso.org.uy\/autonomias\/wp-content\/uploads\/2023\/12\/WhatsApp-Image-2023-12-07-at-12.22.55-768x432.jpeg 768w, https:\/\/ongelpaso.org.uy\/autonomias\/wp-content\/uploads\/2023\/12\/WhatsApp-Image-2023-12-07-at-12.22.55-1536x863.jpeg 1536w\" sizes=\"auto, (max-width: 2048px) 100vw, 2048px\" \/><\/figure><\/div><div class=\"wp-block-getwid-images-slider__item\"><figure><img loading=\"lazy\" decoding=\"async\" width=\"2048\" height=\"1151\" src=\"https:\/\/ongelpaso.org.uy\/autonomias\/wp-content\/uploads\/2023\/12\/WhatsApp-Image-2023-12-07-at-12.22.59.jpeg\" data-id=\"2459\" data-link=\"https:\/\/ongelpaso.org.uy\/autonomias\/?attachment_id=2459\" data-original-link=\"https:\/\/ongelpaso.org.uy\/autonomias\/wp-content\/uploads\/2023\/12\/WhatsApp-Image-2023-12-07-at-12.22.59.jpeg\" class=\"wp-block-getwid-images-slider__image wp-image-2459\" srcset=\"https:\/\/ongelpaso.org.uy\/autonomias\/wp-content\/uploads\/2023\/12\/WhatsApp-Image-2023-12-07-at-12.22.59.jpeg 2048w, https:\/\/ongelpaso.org.uy\/autonomias\/wp-content\/uploads\/2023\/12\/WhatsApp-Image-2023-12-07-at-12.22.59-300x169.jpeg 300w, https:\/\/ongelpaso.org.uy\/autonomias\/wp-content\/uploads\/2023\/12\/WhatsApp-Image-2023-12-07-at-12.22.59-1024x576.jpeg 1024w, https:\/\/ongelpaso.org.uy\/autonomias\/wp-content\/uploads\/2023\/12\/WhatsApp-Image-2023-12-07-at-12.22.59-768x432.jpeg 768w, https:\/\/ongelpaso.org.uy\/autonomias\/wp-content\/uploads\/2023\/12\/WhatsApp-Image-2023-12-07-at-12.22.59-1536x863.jpeg 1536w\" sizes=\"auto, (max-width: 2048px) 100vw, 2048px\" \/><\/figure><\/div><div class=\"wp-block-getwid-images-slider__item\"><figure><img loading=\"lazy\" decoding=\"async\" width=\"2048\" height=\"1151\" src=\"https:\/\/ongelpaso.org.uy\/autonomias\/wp-content\/uploads\/2023\/12\/WhatsApp-Image-2023-12-07-at-12.23.03.jpeg\" data-id=\"2458\" data-link=\"https:\/\/ongelpaso.org.uy\/autonomias\/?attachment_id=2458\" data-original-link=\"https:\/\/ongelpaso.org.uy\/autonomias\/wp-content\/uploads\/2023\/12\/WhatsApp-Image-2023-12-07-at-12.23.03.jpeg\" class=\"wp-block-getwid-images-slider__image wp-image-2458\" srcset=\"https:\/\/ongelpaso.org.uy\/autonomias\/wp-content\/uploads\/2023\/12\/WhatsApp-Image-2023-12-07-at-12.23.03.jpeg 2048w, https:\/\/ongelpaso.org.uy\/autonomias\/wp-content\/uploads\/2023\/12\/WhatsApp-Image-2023-12-07-at-12.23.03-300x169.jpeg 300w, https:\/\/ongelpaso.org.uy\/autonomias\/wp-content\/uploads\/2023\/12\/WhatsApp-Image-2023-12-07-at-12.23.03-1024x576.jpeg 1024w, https:\/\/ongelpaso.org.uy\/autonomias\/wp-content\/uploads\/2023\/12\/WhatsApp-Image-2023-12-07-at-12.23.03-768x432.jpeg 768w, https:\/\/ongelpaso.org.uy\/autonomias\/wp-content\/uploads\/2023\/12\/WhatsApp-Image-2023-12-07-at-12.23.03-1536x863.jpeg 1536w\" sizes=\"auto, (max-width: 2048px) 100vw, 2048px\" \/><\/figure><\/div><div class=\"wp-block-getwid-images-slider__item\"><figure><img loading=\"lazy\" decoding=\"async\" width=\"2048\" height=\"1151\" src=\"https:\/\/ongelpaso.org.uy\/autonomias\/wp-content\/uploads\/2023\/12\/WhatsApp-Image-2023-12-07-at-12.23.09.jpeg\" data-id=\"2456\" data-link=\"https:\/\/ongelpaso.org.uy\/autonomias\/?attachment_id=2456\" data-original-link=\"https:\/\/ongelpaso.org.uy\/autonomias\/wp-content\/uploads\/2023\/12\/WhatsApp-Image-2023-12-07-at-12.23.09.jpeg\" class=\"wp-block-getwid-images-slider__image wp-image-2456\" srcset=\"https:\/\/ongelpaso.org.uy\/autonomias\/wp-content\/uploads\/2023\/12\/WhatsApp-Image-2023-12-07-at-12.23.09.jpeg 2048w, https:\/\/ongelpaso.org.uy\/autonomias\/wp-content\/uploads\/2023\/12\/WhatsApp-Image-2023-12-07-at-12.23.09-300x169.jpeg 300w, https:\/\/ongelpaso.org.uy\/autonomias\/wp-content\/uploads\/2023\/12\/WhatsApp-Image-2023-12-07-at-12.23.09-1024x576.jpeg 1024w, https:\/\/ongelpaso.org.uy\/autonomias\/wp-content\/uploads\/2023\/12\/WhatsApp-Image-2023-12-07-at-12.23.09-768x432.jpeg 768w, https:\/\/ongelpaso.org.uy\/autonomias\/wp-content\/uploads\/2023\/12\/WhatsApp-Image-2023-12-07-at-12.23.09-1536x863.jpeg 1536w\" sizes=\"auto, (max-width: 2048px) 100vw, 2048px\" \/><\/figure><\/div><div class=\"wp-block-getwid-images-slider__item\"><figure><img loading=\"lazy\" decoding=\"async\" width=\"2048\" height=\"1151\" src=\"https:\/\/ongelpaso.org.uy\/autonomias\/wp-content\/uploads\/2023\/12\/WhatsApp-Image-2023-12-07-at-12.23.06.jpeg\" data-id=\"2457\" data-link=\"https:\/\/ongelpaso.org.uy\/autonomias\/?attachment_id=2457\" data-original-link=\"https:\/\/ongelpaso.org.uy\/autonomias\/wp-content\/uploads\/2023\/12\/WhatsApp-Image-2023-12-07-at-12.23.06.jpeg\" class=\"wp-block-getwid-images-slider__image wp-image-2457\" srcset=\"https:\/\/ongelpaso.org.uy\/autonomias\/wp-content\/uploads\/2023\/12\/WhatsApp-Image-2023-12-07-at-12.23.06.jpeg 2048w, https:\/\/ongelpaso.org.uy\/autonomias\/wp-content\/uploads\/2023\/12\/WhatsApp-Image-2023-12-07-at-12.23.06-300x169.jpeg 300w, https:\/\/ongelpaso.org.uy\/autonomias\/wp-content\/uploads\/2023\/12\/WhatsApp-Image-2023-12-07-at-12.23.06-1024x576.jpeg 1024w, https:\/\/ongelpaso.org.uy\/autonomias\/wp-content\/uploads\/2023\/12\/WhatsApp-Image-2023-12-07-at-12.23.06-768x432.jpeg 768w, https:\/\/ongelpaso.org.uy\/autonomias\/wp-content\/uploads\/2023\/12\/WhatsApp-Image-2023-12-07-at-12.23.06-1536x863.jpeg 1536w\" sizes=\"auto, (max-width: 2048px) 100vw, 2048px\" \/><\/figure><\/div><\/div><\/div>\n","protected":false},"excerpt":{"rendered":"<p>&#128266; Escuchar La actividad present\u00f3 el Informe \u00abM\u00e1s invisibles. La trata y la pandemia\u00bb, y una mesa de intercambio sobre las dificultades en la detecci\u00f3n de explotaci\u00f3n sexual en infancias y adolescencias, en especial la que ocurre en medios digitales. Adem\u00e1s, se dialog\u00f3 sobre la situaci\u00f3n en Uruguay, con foco en el litoral y Paysand\u00fa. [&hellip;]<\/p>\n","protected":false},"author":4,"featured_media":2464,"comment_status":"closed","ping_status":"open","sticky":false,"template":"","format":"standard","meta":{"footnotes":""},"categories":[9,1,16,6,5],"tags":[],"class_list":["post-2455","post","type-post","status-publish","format-standard","has-post-thumbnail","hentry","category-ninas-ninos-y-adolescentes","category-noticias","category-observatorio","category-trata","category-violencia-sexual"],"_links":{"self":[{"href":"https:\/\/ongelpaso.org.uy\/autonomias\/wp-json\/wp\/v2\/posts\/2455","targetHints":{"allow":["GET"]}}],"collection":[{"href":"https:\/\/ongelpaso.org.uy\/autonomias\/wp-json\/wp\/v2\/posts"}],"about":[{"href":"https:\/\/ongelpaso.org.uy\/autonomias\/wp-json\/wp\/v2\/types\/post"}],"author":[{"embeddable":true,"href":"https:\/\/ongelpaso.org.uy\/autonomias\/wp-json\/wp\/v2\/users\/4"}],"replies":[{"embeddable":true,"href":"https:\/\/ongelpaso.org.uy\/autonomias\/wp-json\/wp\/v2\/comments?post=2455"}],"version-history":[{"count":2,"href":"https:\/\/ongelpaso.org.uy\/autonomias\/wp-json\/wp\/v2\/posts\/2455\/revisions"}],"predecessor-version":[{"id":2467,"href":"https:\/\/ongelpaso.org.uy\/autonomias\/wp-json\/wp\/v2\/posts\/2455\/revisions\/2467"}],"wp:featuredmedia":[{"embeddable":true,"href":"https:\/\/ongelpaso.org.uy\/autonomias\/wp-json\/wp\/v2\/media\/2464"}],"wp:attachment":[{"href":"https:\/\/ongelpaso.org.uy\/autonomias\/wp-json\/wp\/v2\/media?parent=2455"}],"wp:term":[{"taxonomy":"category","embeddable":true,"href":"https:\/\/ongelpaso.org.uy\/autonomias\/wp-json\/wp\/v2\/categories?post=2455"},{"taxonomy":"post_tag","embeddable":true,"href":"https:\/\/ongelpaso.org.uy\/autonomias\/wp-json\/wp\/v2\/tags?post=2455"}],"curies":[{"name":"wp","href":"https:\/\/api.w.org\/{rel}","templated":true}]}}