{"id":2468,"date":"2023-12-08T20:49:11","date_gmt":"2023-12-08T20:49:11","guid":{"rendered":"https:\/\/ongelpaso.org.uy\/autonomias\/?p=2468"},"modified":"2023-12-08T20:51:35","modified_gmt":"2023-12-08T20:51:35","slug":"realizamos-en-las-pioneras-la-actividad-violencia-de-genero-y-violencia-generacional-la-construccion-de-vinculos-sexoafectivos-libres-de-violencia-en-las-adolescencias","status":"publish","type":"post","link":"https:\/\/ongelpaso.org.uy\/autonomias\/realizamos-en-las-pioneras-la-actividad-violencia-de-genero-y-violencia-generacional-la-construccion-de-vinculos-sexoafectivos-libres-de-violencia-en-las-adolescencias\/","title":{"rendered":"ACTIVIDAD \u00abVIOLENCIA DE G\u00c9NERO Y VIOLENCIA GENERACIONAL. LA CONSTRUCCI\u00d3N DE V\u00cdNCULOS SEXOAFECTIVOS LIBRES DE VIOLENCIA EN LAS ADOLESCENCIAS\u00bb"},"content":{"rendered":"<button id=\"listenButton1\" class=\"responsivevoice-button\" type=\"button\" value=\"Play\" title=\"ResponsiveVoice Tap to Start\/Stop Speech\"><span>&#128266; Escuchar<\/span><\/button>\n        <script>\n            listenButton1.onclick = function(){\n                if(responsiveVoice.isPlaying()){\n                    responsiveVoice.cancel();\n                }else{\n                    responsiveVoice.speak(\"La fresca y lluviosa tarde del martes 5 de diciembre no impidi\u00f3 que dentro del espacio de Las Pioneras se desarrollara un c\u00e1lido y revitalizante intercambio sobre las violencias de g\u00e9nero y generacionales, que cont\u00f3 con la presencia y aporte de distintos colectivos y espacios feministas. Integraron el espacio de conversaci\u00f3n Florencia Vera y Victoria Ritondo, integrantes del\u00a0 Colectivo La mondonga; Luc\u00eda Cereceda y Merien Ergul por la Colectiva Inquietas; Cristina Prego desde el Proyecto Autonom\u00edas Colectivas, El Paso y Ximena Giani de la OSC Renacer. El intercambio atraves\u00f3 diversas aristas que forman parte de un debate necesario sobre c\u00f3mo afrontar y abordar las situaciones de violencia de g\u00e9nero y generacional en las adolescencias. La persistencia de una sociedad patriarcal que contin\u00faa construyendo estereotipos de g\u00e9nero y est\u00e9ticos, la naturalizaci\u00f3n de comentarios discriminatorios, la individualizaci\u00f3n de los conflictos interpersonales que surgen en consecuencia, y la falta de abordaje desde una perspectiva social y comunitaria, son algunos de los desaf\u00edos mencionados. Adem\u00e1s, la conversaci\u00f3n abarc\u00f3 temas como la importancia del componente educativo y la ESI para la detecci\u00f3n y respuesta ante las situaciones, la necesidad de abordar las corporalidades como forma de prevenci\u00f3n a la violencia, y los desaf\u00edos que la dimensi\u00f3n digital implica, frente a fen\u00f3menos como el cyberbullying o el sexting.\", \"Spanish Latin American Female\");\n                }\n            };\n        <\/script>\n    \n<p><strong>La fresca y lluviosa tarde del martes 5 de diciembre no impidi\u00f3 que dentro del espacio de Las Pioneras se desarrollara un c\u00e1lido y revitalizante intercambio sobre las violencias de g\u00e9nero y generacionales, que cont\u00f3 con la  presencia y aporte de distintos colectivos y espacios feministas. <\/strong><\/p>\n\n\n\n<figure class=\"wp-block-image is-resized\"><img loading=\"lazy\" decoding=\"async\" width=\"2048\" height=\"1151\" src=\"https:\/\/ongelpaso.org.uy\/autonomias\/wp-content\/uploads\/2023\/12\/WhatsApp-Image-2023-12-07-at-12.24.19.jpeg\" alt=\"\" class=\"wp-image-2469\" style=\"width:715px;height:auto\" srcset=\"https:\/\/ongelpaso.org.uy\/autonomias\/wp-content\/uploads\/2023\/12\/WhatsApp-Image-2023-12-07-at-12.24.19.jpeg 2048w, https:\/\/ongelpaso.org.uy\/autonomias\/wp-content\/uploads\/2023\/12\/WhatsApp-Image-2023-12-07-at-12.24.19-300x169.jpeg 300w, https:\/\/ongelpaso.org.uy\/autonomias\/wp-content\/uploads\/2023\/12\/WhatsApp-Image-2023-12-07-at-12.24.19-1024x576.jpeg 1024w, https:\/\/ongelpaso.org.uy\/autonomias\/wp-content\/uploads\/2023\/12\/WhatsApp-Image-2023-12-07-at-12.24.19-768x432.jpeg 768w, https:\/\/ongelpaso.org.uy\/autonomias\/wp-content\/uploads\/2023\/12\/WhatsApp-Image-2023-12-07-at-12.24.19-1536x863.jpeg 1536w\" sizes=\"auto, (max-width: 2048px) 100vw, 2048px\" \/><\/figure>\n\n\n\n<p>Integraron el espacio de conversaci\u00f3n Florencia Vera y Victoria Ritondo, integrantes del\u00a0 Colectivo La mondonga; Luc\u00eda Cereceda y Merien Ergul por la Colectiva Inquietas; Cristina Prego desde el Proyecto Autonom\u00edas Colectivas, El Paso y Ximena Giani de la OSC Renacer.<\/p>\n\n\n\n<p>El intercambio atraves\u00f3 diversas aristas que forman parte de un debate necesario sobre c\u00f3mo afrontar y abordar las situaciones de violencia de g\u00e9nero y generacional en las adolescencias. La persistencia de una sociedad patriarcal que contin\u00faa construyendo estereotipos de g\u00e9nero y est\u00e9ticos, la naturalizaci\u00f3n de comentarios discriminatorios, la individualizaci\u00f3n de los conflictos interpersonales que surgen en consecuencia, y la falta de abordaje desde una perspectiva social y comunitaria, son algunos de los desaf\u00edos mencionados. Adem\u00e1s, la conversaci\u00f3n abarc\u00f3 temas como la importancia del componente educativo y la ESI para la detecci\u00f3n y respuesta ante las situaciones, la necesidad de abordar las corporalidades como forma de prevenci\u00f3n a la violencia, y los desaf\u00edos que la dimensi\u00f3n digital implica, frente a fen\u00f3menos como el cyberbullying o el sexting.<\/p>\n\n\n\n<figure class=\"wp-block-image size-large\"><img loading=\"lazy\" decoding=\"async\" width=\"576\" height=\"1024\" src=\"https:\/\/ongelpaso.org.uy\/autonomias\/wp-content\/uploads\/2023\/12\/WhatsApp-Image-2023-12-07-at-12.26.59-576x1024.jpeg\" alt=\"\" class=\"wp-image-2470\" srcset=\"https:\/\/ongelpaso.org.uy\/autonomias\/wp-content\/uploads\/2023\/12\/WhatsApp-Image-2023-12-07-at-12.26.59-576x1024.jpeg 576w, https:\/\/ongelpaso.org.uy\/autonomias\/wp-content\/uploads\/2023\/12\/WhatsApp-Image-2023-12-07-at-12.26.59-169x300.jpeg 169w, https:\/\/ongelpaso.org.uy\/autonomias\/wp-content\/uploads\/2023\/12\/WhatsApp-Image-2023-12-07-at-12.26.59-768x1367.jpeg 768w, https:\/\/ongelpaso.org.uy\/autonomias\/wp-content\/uploads\/2023\/12\/WhatsApp-Image-2023-12-07-at-12.26.59-863x1536.jpeg 863w, https:\/\/ongelpaso.org.uy\/autonomias\/wp-content\/uploads\/2023\/12\/WhatsApp-Image-2023-12-07-at-12.26.59.jpeg 1151w\" sizes=\"auto, (max-width: 576px) 100vw, 576px\" \/><\/figure>\n","protected":false},"excerpt":{"rendered":"<p>&#128266; Escuchar La fresca y lluviosa tarde del martes 5 de diciembre no impidi\u00f3 que dentro del espacio de Las Pioneras se desarrollara un c\u00e1lido y revitalizante intercambio sobre las violencias de g\u00e9nero y generacionales, que cont\u00f3 con la presencia y aporte de distintos colectivos y espacios feministas. Integraron el espacio de conversaci\u00f3n Florencia Vera [&hellip;]<\/p>\n","protected":false},"author":4,"featured_media":2469,"comment_status":"closed","ping_status":"open","sticky":false,"template":"","format":"standard","meta":{"footnotes":""},"categories":[1],"tags":[],"class_list":["post-2468","post","type-post","status-publish","format-standard","has-post-thumbnail","hentry","category-noticias"],"_links":{"self":[{"href":"https:\/\/ongelpaso.org.uy\/autonomias\/wp-json\/wp\/v2\/posts\/2468","targetHints":{"allow":["GET"]}}],"collection":[{"href":"https:\/\/ongelpaso.org.uy\/autonomias\/wp-json\/wp\/v2\/posts"}],"about":[{"href":"https:\/\/ongelpaso.org.uy\/autonomias\/wp-json\/wp\/v2\/types\/post"}],"author":[{"embeddable":true,"href":"https:\/\/ongelpaso.org.uy\/autonomias\/wp-json\/wp\/v2\/users\/4"}],"replies":[{"embeddable":true,"href":"https:\/\/ongelpaso.org.uy\/autonomias\/wp-json\/wp\/v2\/comments?post=2468"}],"version-history":[{"count":2,"href":"https:\/\/ongelpaso.org.uy\/autonomias\/wp-json\/wp\/v2\/posts\/2468\/revisions"}],"predecessor-version":[{"id":2472,"href":"https:\/\/ongelpaso.org.uy\/autonomias\/wp-json\/wp\/v2\/posts\/2468\/revisions\/2472"}],"wp:featuredmedia":[{"embeddable":true,"href":"https:\/\/ongelpaso.org.uy\/autonomias\/wp-json\/wp\/v2\/media\/2469"}],"wp:attachment":[{"href":"https:\/\/ongelpaso.org.uy\/autonomias\/wp-json\/wp\/v2\/media?parent=2468"}],"wp:term":[{"taxonomy":"category","embeddable":true,"href":"https:\/\/ongelpaso.org.uy\/autonomias\/wp-json\/wp\/v2\/categories?post=2468"},{"taxonomy":"post_tag","embeddable":true,"href":"https:\/\/ongelpaso.org.uy\/autonomias\/wp-json\/wp\/v2\/tags?post=2468"}],"curies":[{"name":"wp","href":"https:\/\/api.w.org\/{rel}","templated":true}]}}