{"id":2545,"date":"2024-03-03T16:32:58","date_gmt":"2024-03-03T16:32:58","guid":{"rendered":"https:\/\/ongelpaso.org.uy\/autonomias\/?p=2545"},"modified":"2024-03-03T16:43:31","modified_gmt":"2024-03-03T16:43:31","slug":"inscripciones-abiertas-para-el-seminario-de-la-impunidad-a-la-autonomia-estrategias","status":"publish","type":"post","link":"https:\/\/ongelpaso.org.uy\/autonomias\/inscripciones-abiertas-para-el-seminario-de-la-impunidad-a-la-autonomia-estrategias\/","title":{"rendered":"INSCRIPCIONES ABIERTAS PARA EL SEMINARIO \u00abDE LA IMPUNIDAD A LA AUTONOM\u00cdA\u00bb, ESTRATEGIAS Y ACCIONES PARA DEFENDER UNA VIDA LIBRE DE VIOLENCIA DE G\u00c9NERO"},"content":{"rendered":"<button id=\"listenButton1\" class=\"responsivevoice-button\" type=\"button\" value=\"Play\" title=\"ResponsiveVoice Tap to Start\/Stop Speech\"><span>&#128266; Escuchar<\/span><\/button>\n        <script>\n            listenButton1.onclick = function(){\n                if(responsiveVoice.isPlaying()){\n                    responsiveVoice.cancel();\n                }else{\n                    responsiveVoice.speak(\"El seminario ser\u00e1 llevado adelante el pr\u00f3ximo 14 y 15 de marzo. Es organizado por el Proyecto Autonom\u00edas Colectivas contra la violencia de g\u00e9nero, de las organizaciones El Paso y El abrojo, y cuenta con el apoyo de la Intendencia de Montevideo. Te contamos de qu\u00e9 se trata y cu\u00e1les ser\u00e1n los temas que abordaremos. El Proyecto Autonom\u00edas Colectivas ha desarrollado distintas actividades y estudios sobre diversas violencias basadas en g\u00e9nero. Como cierre del proyecto, nos proponemos generar un espacio de debate abierto y p\u00fablico para construir herramientas y caminos posibles hacia la autonom\u00eda plena de las mujeres. El Seminario cumple con los objetivos de: Analizar y disputar los discursos que justifican y reproducen las diferentes formas de violencia y promueven la desigualdad. Cuestionar cr\u00edticamente las formas en las que nos vinculamos, poniendo en evidencia los patrones patriarcales existentes que dan forma a las relaciones de poder establecidas, y as\u00ed construir nuevas formas de relacionarnos. Debatir sobre las respuestas y pr\u00e1cticas institucionales vigentes considerando las limitaciones que tienen para prevenir y combatir las violencias de g\u00e9nero en todos los espacios. Proponer nuevos escenarios y crear respuestas reparatorias, integrales, colectivas y sostenidas, que incluyan la autonom\u00eda econ\u00f3mica, f\u00edsica y en la toma de decisiones. Este es un seminario abierto, orientado a profesionales de diversas disciplinas, decisores p\u00fablicos, integrantes de organizaciones de la sociedad civil, estudiantes.\u00a0 La actividad no tiene costo, y los cupos son limitados. Las inscripciones se encuentran abiertas en el siguiente link: https:\/\/forms.gle\/7tJnRe4fEsX61rDA9 Se entregar\u00e1 certificado a qui\u00e9nes hayan concurrido los dos d\u00edas. A continuaci\u00f3n te presentamos qu\u00e9 temas aboradaremos en las distintas mesas de conversaci\u00f3n que se llevar\u00e1n adelante:\", \"Spanish Latin American Female\");\n                }\n            };\n        <\/script>\n    \n<div class=\"wp-block-cover aligncenter\" style=\"min-height:417px;aspect-ratio:unset;\"><span aria-hidden=\"true\" class=\"wp-block-cover__background has-background-dim\"><\/span><img loading=\"lazy\" decoding=\"async\" width=\"300\" height=\"300\" class=\"wp-block-cover__image-background wp-image-2547\" alt=\"\" src=\"https:\/\/ongelpaso.org.uy\/autonomias\/wp-content\/uploads\/2024\/03\/Seminario_2024-1-1-300x300.png\" style=\"object-position:30% 30%\" data-object-fit=\"cover\" data-object-position=\"30% 30%\" srcset=\"https:\/\/ongelpaso.org.uy\/autonomias\/wp-content\/uploads\/2024\/03\/Seminario_2024-1-1-300x300.png 300w, https:\/\/ongelpaso.org.uy\/autonomias\/wp-content\/uploads\/2024\/03\/Seminario_2024-1-1-1024x1024.png 1024w, https:\/\/ongelpaso.org.uy\/autonomias\/wp-content\/uploads\/2024\/03\/Seminario_2024-1-1-150x150.png 150w, https:\/\/ongelpaso.org.uy\/autonomias\/wp-content\/uploads\/2024\/03\/Seminario_2024-1-1-768x768.png 768w, https:\/\/ongelpaso.org.uy\/autonomias\/wp-content\/uploads\/2024\/03\/Seminario_2024-1-1.png 1080w\" sizes=\"auto, (max-width: 300px) 100vw, 300px\" \/><div class=\"wp-block-cover__inner-container is-layout-flow wp-block-cover-is-layout-flow\">\n<p class=\"has-text-align-left has-large-font-size\">El seminario ser\u00e1 llevado adelante el pr\u00f3ximo 14 y 15 de marzo. Es organizado por el Proyecto Autonom\u00edas Colectivas contra la violencia de g\u00e9nero, de las organizaciones El Paso y El abrojo, y cuenta con el apoyo de la Intendencia de Montevideo. Te contamos de qu\u00e9 se trata y cu\u00e1les ser\u00e1n los temas que abordaremos.<\/p>\n<\/div><\/div>\n\n\n\n<p><\/p>\n\n\n\n<p>El Proyecto Autonom\u00edas Colectivas ha desarrollado distintas actividades y estudios sobre diversas violencias basadas en g\u00e9nero. Como cierre del proyecto, nos proponemos generar un espacio de debate abierto y p\u00fablico para construir herramientas y caminos posibles hacia la autonom\u00eda plena de las mujeres.<\/p>\n\n\n\n<p>El Seminario cumple con los objetivos de:<\/p>\n\n\n\n<ul class=\"wp-block-list\">\n<li>Analizar y disputar los discursos que justifican y reproducen las diferentes formas de violencia y promueven la desigualdad. <\/li>\n\n\n\n<li>Cuestionar cr\u00edticamente las formas en las que nos vinculamos, poniendo en evidencia los patrones patriarcales existentes que dan forma a las relaciones de poder establecidas, y as\u00ed construir nuevas formas de relacionarnos. <\/li>\n\n\n\n<li>Debatir sobre las respuestas y pr\u00e1cticas institucionales vigentes considerando las limitaciones que tienen para prevenir y combatir las violencias de g\u00e9nero en todos los espacios. <\/li>\n\n\n\n<li>Proponer nuevos escenarios y crear respuestas reparatorias, integrales, colectivas y sostenidas, que incluyan la autonom\u00eda econ\u00f3mica, f\u00edsica y en la toma de decisiones.<\/li>\n<\/ul>\n\n\n\n<p>Este es un seminario abierto, orientado a profesionales de diversas disciplinas, decisores p\u00fablicos, integrantes de organizaciones de la sociedad civil, estudiantes.\u00a0<\/p>\n\n\n\n<p>La actividad no tiene costo, y los cupos son limitados.<strong> Las inscripciones se encuentran abiertas en el siguiente link: <\/strong><a href=\"https:\/\/forms.gle\/7tJnRe4fEsX61rDA9\" target=\"_blank\" rel=\"noreferrer noopener\">https:\/\/forms.gle\/7tJnRe4fEsX61rDA9<\/a><\/p>\n\n\n\n<p>Se entregar\u00e1 certificado a qui\u00e9nes hayan concurrido los dos d\u00edas.<\/p>\n\n\n\n<p><strong>A continuaci\u00f3n te presentamos qu\u00e9 temas aboradaremos en las distintas mesas de conversaci\u00f3n que se llevar\u00e1n adelante:<\/strong><\/p>\n\n\n<div class=\"wp-block-image\">\n<figure class=\"aligncenter size-large\"><img loading=\"lazy\" decoding=\"async\" width=\"410\" height=\"1024\" src=\"https:\/\/ongelpaso.org.uy\/autonomias\/wp-content\/uploads\/2024\/03\/mesas-tematicas-410x1024.jpeg\" alt=\"\" class=\"wp-image-2546\" srcset=\"https:\/\/ongelpaso.org.uy\/autonomias\/wp-content\/uploads\/2024\/03\/mesas-tematicas-410x1024.jpeg 410w, https:\/\/ongelpaso.org.uy\/autonomias\/wp-content\/uploads\/2024\/03\/mesas-tematicas-120x300.jpeg 120w, https:\/\/ongelpaso.org.uy\/autonomias\/wp-content\/uploads\/2024\/03\/mesas-tematicas.jpeg 640w\" sizes=\"auto, (max-width: 410px) 100vw, 410px\" \/><\/figure>\n<\/div>","protected":false},"excerpt":{"rendered":"<p>&#128266; Escuchar El Proyecto Autonom\u00edas Colectivas ha desarrollado distintas actividades y estudios sobre diversas violencias basadas en g\u00e9nero. Como cierre del proyecto, nos proponemos generar un espacio de debate abierto y p\u00fablico para construir herramientas y caminos posibles hacia la autonom\u00eda plena de las mujeres. El Seminario cumple con los objetivos de: Este es un [&hellip;]<\/p>\n","protected":false},"author":4,"featured_media":2541,"comment_status":"closed","ping_status":"open","sticky":false,"template":"","format":"standard","meta":{"footnotes":""},"categories":[8,15,25,19,9,1,16,6,4,11,10,7,5],"tags":[],"class_list":["post-2545","post","type-post","status-publish","format-standard","has-post-thumbnail","hentry","category-acceso-a-la-justicia","category-autonomias","category-comunicacion","category-grupos-de-mujeres","category-ninas-ninos-y-adolescentes","category-noticias","category-observatorio","category-trata","category-violencia-domestica","category-violencia-economica","category-violencia-en-la-toma-de-decisiones","category-violencia-femicida","category-violencia-sexual"],"_links":{"self":[{"href":"https:\/\/ongelpaso.org.uy\/autonomias\/wp-json\/wp\/v2\/posts\/2545","targetHints":{"allow":["GET"]}}],"collection":[{"href":"https:\/\/ongelpaso.org.uy\/autonomias\/wp-json\/wp\/v2\/posts"}],"about":[{"href":"https:\/\/ongelpaso.org.uy\/autonomias\/wp-json\/wp\/v2\/types\/post"}],"author":[{"embeddable":true,"href":"https:\/\/ongelpaso.org.uy\/autonomias\/wp-json\/wp\/v2\/users\/4"}],"replies":[{"embeddable":true,"href":"https:\/\/ongelpaso.org.uy\/autonomias\/wp-json\/wp\/v2\/comments?post=2545"}],"version-history":[{"count":3,"href":"https:\/\/ongelpaso.org.uy\/autonomias\/wp-json\/wp\/v2\/posts\/2545\/revisions"}],"predecessor-version":[{"id":2551,"href":"https:\/\/ongelpaso.org.uy\/autonomias\/wp-json\/wp\/v2\/posts\/2545\/revisions\/2551"}],"wp:featuredmedia":[{"embeddable":true,"href":"https:\/\/ongelpaso.org.uy\/autonomias\/wp-json\/wp\/v2\/media\/2541"}],"wp:attachment":[{"href":"https:\/\/ongelpaso.org.uy\/autonomias\/wp-json\/wp\/v2\/media?parent=2545"}],"wp:term":[{"taxonomy":"category","embeddable":true,"href":"https:\/\/ongelpaso.org.uy\/autonomias\/wp-json\/wp\/v2\/categories?post=2545"},{"taxonomy":"post_tag","embeddable":true,"href":"https:\/\/ongelpaso.org.uy\/autonomias\/wp-json\/wp\/v2\/tags?post=2545"}],"curies":[{"name":"wp","href":"https:\/\/api.w.org\/{rel}","templated":true}]}}