{"id":2565,"date":"2024-03-13T23:35:28","date_gmt":"2024-03-13T23:35:28","guid":{"rendered":"https:\/\/ongelpaso.org.uy\/autonomias\/?p=2565"},"modified":"2024-03-13T23:35:28","modified_gmt":"2024-03-13T23:35:28","slug":"analisis-de-barreras-para-elacceso-a-la-justicia-y-ladebida-diligencia-endesapariciones-de-mujeres-yfemicidios-sin-aclarar","status":"publish","type":"post","link":"https:\/\/ongelpaso.org.uy\/autonomias\/analisis-de-barreras-para-elacceso-a-la-justicia-y-ladebida-diligencia-endesapariciones-de-mujeres-yfemicidios-sin-aclarar\/","title":{"rendered":"AN\u00c1LISIS DE BARRERAS PARA ELACCESO A LA JUSTICIA Y LADEBIDA DILIGENCIA ENDESAPARICIONES DE MUJERES YFEMICIDIOS SIN ACLARAR."},"content":{"rendered":"<button id=\"listenButton1\" class=\"responsivevoice-button\" type=\"button\" value=\"Play\" title=\"ResponsiveVoice Tap to Start\/Stop Speech\"><span>&#128266; Escuchar<\/span><\/button>\n        <script>\n            listenButton1.onclick = function(){\n                if(responsiveVoice.isPlaying()){\n                    responsiveVoice.cancel();\n                }else{\n                    responsiveVoice.speak(\"Descarga aqu\u00ed el Resumen Ejecutivo de la investigaci\u00f3n llevada adelante por Alicia Deus y Fabiana Condon, para el Proyecto Autonom\u00edas Colectivas. resumen-ejecutivoDescarga\", \"Spanish Latin American Female\");\n                }\n            };\n        <\/script>\n    \n<p>Descarga aqu\u00ed el Resumen Ejecutivo de la investigaci\u00f3n llevada adelante por Alicia Deus y Fabiana Condon, para el Proyecto Autonom\u00edas Colectivas.<\/p>\n\n\n\n<div data-wp-interactive=\"core\/file\" class=\"wp-block-file\"><object data-wp-bind--hidden=\"!state.hasPdfPreview\" hidden class=\"wp-block-file__embed\" data=\"https:\/\/ongelpaso.org.uy\/autonomias\/wp-content\/uploads\/2024\/03\/resumen-ejecutivo.pdf\" type=\"application\/pdf\" style=\"width:100%;height:600px\" aria-label=\"Incrustado de resumen-ejecutivo.\"><\/object><a id=\"wp-block-file--media-ebf7afd7-c7f6-47f8-b314-0d7e6828c514\" href=\"https:\/\/ongelpaso.org.uy\/autonomias\/wp-content\/uploads\/2024\/03\/resumen-ejecutivo.pdf\">resumen-ejecutivo<\/a><a href=\"https:\/\/ongelpaso.org.uy\/autonomias\/wp-content\/uploads\/2024\/03\/resumen-ejecutivo.pdf\" class=\"wp-block-file__button wp-element-button\" download aria-describedby=\"wp-block-file--media-ebf7afd7-c7f6-47f8-b314-0d7e6828c514\">Descarga<\/a><\/div>\n","protected":false},"excerpt":{"rendered":"<p>&#128266; Escuchar Descarga aqu\u00ed el Resumen Ejecutivo de la investigaci\u00f3n llevada adelante por Alicia Deus y Fabiana Condon, para el Proyecto Autonom\u00edas Colectivas.<\/p>\n","protected":false},"author":4,"featured_media":2567,"comment_status":"closed","ping_status":"open","sticky":false,"template":"","format":"standard","meta":{"footnotes":""},"categories":[8,1,16,7,5],"tags":[],"class_list":["post-2565","post","type-post","status-publish","format-standard","has-post-thumbnail","hentry","category-acceso-a-la-justicia","category-noticias","category-observatorio","category-violencia-femicida","category-violencia-sexual"],"_links":{"self":[{"href":"https:\/\/ongelpaso.org.uy\/autonomias\/wp-json\/wp\/v2\/posts\/2565","targetHints":{"allow":["GET"]}}],"collection":[{"href":"https:\/\/ongelpaso.org.uy\/autonomias\/wp-json\/wp\/v2\/posts"}],"about":[{"href":"https:\/\/ongelpaso.org.uy\/autonomias\/wp-json\/wp\/v2\/types\/post"}],"author":[{"embeddable":true,"href":"https:\/\/ongelpaso.org.uy\/autonomias\/wp-json\/wp\/v2\/users\/4"}],"replies":[{"embeddable":true,"href":"https:\/\/ongelpaso.org.uy\/autonomias\/wp-json\/wp\/v2\/comments?post=2565"}],"version-history":[{"count":1,"href":"https:\/\/ongelpaso.org.uy\/autonomias\/wp-json\/wp\/v2\/posts\/2565\/revisions"}],"predecessor-version":[{"id":2568,"href":"https:\/\/ongelpaso.org.uy\/autonomias\/wp-json\/wp\/v2\/posts\/2565\/revisions\/2568"}],"wp:featuredmedia":[{"embeddable":true,"href":"https:\/\/ongelpaso.org.uy\/autonomias\/wp-json\/wp\/v2\/media\/2567"}],"wp:attachment":[{"href":"https:\/\/ongelpaso.org.uy\/autonomias\/wp-json\/wp\/v2\/media?parent=2565"}],"wp:term":[{"taxonomy":"category","embeddable":true,"href":"https:\/\/ongelpaso.org.uy\/autonomias\/wp-json\/wp\/v2\/categories?post=2565"},{"taxonomy":"post_tag","embeddable":true,"href":"https:\/\/ongelpaso.org.uy\/autonomias\/wp-json\/wp\/v2\/tags?post=2565"}],"curies":[{"name":"wp","href":"https:\/\/api.w.org\/{rel}","templated":true}]}}