{"id":391,"date":"2021-11-19T14:44:00","date_gmt":"2021-11-19T14:44:00","guid":{"rendered":"https:\/\/ongelpaso.org.uy\/autonomias\/?p=391"},"modified":"2021-11-22T19:14:10","modified_gmt":"2021-11-22T19:14:10","slug":"placas-de-campana-del-dia-de-la-trata","status":"publish","type":"post","link":"https:\/\/ongelpaso.org.uy\/autonomias\/placas-de-campana-del-dia-de-la-trata\/","title":{"rendered":"D\u00eda Mundial Contra la Trata"},"content":{"rendered":"<button id=\"listenButton1\" class=\"responsivevoice-button\" type=\"button\" value=\"Play\" title=\"ResponsiveVoice Tap to Start\/Stop Speech\"><span>&#128266; Escuchar<\/span><\/button>\n        <script>\n            listenButton1.onclick = function(){\n                if(responsiveVoice.isPlaying()){\n                    responsiveVoice.cancel();\n                }else{\n                    responsiveVoice.speak(\"El pasado 30 de julio, en el marco del D\u00eda Mundial Contra la Trata, fueron publicadas y difundidas desde el Proyecto Autonom\u00edas Colectivas 10 placas descriptivas sobre la realidad de la trata de personas en nuestro pa\u00eds, y las acciones que el Estado puede llevar adelante para combatirla. #PonerFinALaTrata#D\u00edaContraLaTrata#Uruguay#DerechosHumanos\", \"Spanish Latin American Female\");\n                }\n            };\n        <\/script>\n    \n<p>El pasado 30 de julio, en el marco del D\u00eda Mundial Contra la Trata, fueron publicadas y difundidas desde el Proyecto Autonom\u00edas Colectivas 10 placas descriptivas sobre la realidad de la trata de personas en nuestro pa\u00eds, y las acciones que el Estado puede llevar adelante para combatirla. <\/p>\n\n\n\n<p><a rel=\"noreferrer noopener\" href=\"https:\/\/www.facebook.com\/hashtag\/ponerfinalatrata\" target=\"_blank\"><br>#PonerFinALaTrata<\/a>&nbsp;<a rel=\"noreferrer noopener\" href=\"https:\/\/www.facebook.com\/hashtag\/diacontralatrata\" target=\"_blank\">#D\u00edaContraLaTrata<\/a>&nbsp;<a rel=\"noreferrer noopener\" href=\"https:\/\/www.facebook.com\/hashtag\/uruguay\" target=\"_blank\">#Uruguay<\/a>&nbsp;<a rel=\"noreferrer noopener\" href=\"https:\/\/www.facebook.com\/hashtag\/derechoshumanos\" target=\"_blank\">#DerechosHumanos<\/a><\/p>\n\n\n\n<div class=\"wp-block-columns is-layout-flex wp-container-core-columns-is-layout-28f84493 wp-block-columns-is-layout-flex\">\n<div class=\"wp-block-column is-layout-flow wp-block-column-is-layout-flow\" style=\"flex-basis:100%\">\n<div class=\"wp-block-columns is-layout-flex wp-container-core-columns-is-layout-28f84493 wp-block-columns-is-layout-flex\">\n<div class=\"wp-block-column is-layout-flow wp-block-column-is-layout-flow\" style=\"flex-basis:100%\">\n<div class=\"wp-block-group\"><div class=\"wp-block-group__inner-container is-layout-flow wp-block-group-is-layout-flow\">\n<div class=\"wp-block-image\"><figure class=\"aligncenter size-full is-resized\"><img loading=\"lazy\" decoding=\"async\" src=\"https:\/\/ongelpaso.org.uy\/autonomias\/wp-content\/uploads\/2021\/11\/1-2.png\" alt=\"\" class=\"wp-image-571\" width=\"470\" height=\"394\" srcset=\"https:\/\/ongelpaso.org.uy\/autonomias\/wp-content\/uploads\/2021\/11\/1-2.png 940w, https:\/\/ongelpaso.org.uy\/autonomias\/wp-content\/uploads\/2021\/11\/1-2-300x251.png 300w, https:\/\/ongelpaso.org.uy\/autonomias\/wp-content\/uploads\/2021\/11\/1-2-768x644.png 768w\" sizes=\"auto, (max-width: 470px) 100vw, 470px\" \/><\/figure><\/div>\n<\/div><\/div>\n<\/div>\n<\/div>\n<\/div>\n<\/div>\n\n\n\n<div class=\"wp-block-group\"><div class=\"wp-block-group__inner-container is-layout-flow wp-block-group-is-layout-flow\"><\/div><\/div>\n\n\n\n<div class=\"wp-block-group\"><div class=\"wp-block-group__inner-container is-layout-flow wp-block-group-is-layout-flow\">\n<div class=\"wp-block-image\"><figure class=\"aligncenter size-full is-resized\"><img loading=\"lazy\" decoding=\"async\" src=\"https:\/\/ongelpaso.org.uy\/autonomias\/wp-content\/uploads\/2021\/11\/2-2.png\" alt=\"\" class=\"wp-image-572\" width=\"470\" height=\"394\" srcset=\"https:\/\/ongelpaso.org.uy\/autonomias\/wp-content\/uploads\/2021\/11\/2-2.png 940w, https:\/\/ongelpaso.org.uy\/autonomias\/wp-content\/uploads\/2021\/11\/2-2-300x251.png 300w, https:\/\/ongelpaso.org.uy\/autonomias\/wp-content\/uploads\/2021\/11\/2-2-768x644.png 768w\" sizes=\"auto, (max-width: 470px) 100vw, 470px\" \/><\/figure><\/div>\n<\/div><\/div>\n\n\n\n<div class=\"wp-block-image\"><figure class=\"aligncenter size-full is-resized\"><img loading=\"lazy\" decoding=\"async\" src=\"https:\/\/ongelpaso.org.uy\/autonomias\/wp-content\/uploads\/2021\/11\/3-2.png\" alt=\"\" class=\"wp-image-574\" width=\"470\" height=\"394\" srcset=\"https:\/\/ongelpaso.org.uy\/autonomias\/wp-content\/uploads\/2021\/11\/3-2.png 940w, https:\/\/ongelpaso.org.uy\/autonomias\/wp-content\/uploads\/2021\/11\/3-2-300x251.png 300w, https:\/\/ongelpaso.org.uy\/autonomias\/wp-content\/uploads\/2021\/11\/3-2-768x644.png 768w\" sizes=\"auto, (max-width: 470px) 100vw, 470px\" \/><\/figure><\/div>\n\n\n\n<div class=\"wp-block-image\"><figure class=\"aligncenter size-full is-resized\"><img loading=\"lazy\" decoding=\"async\" src=\"https:\/\/ongelpaso.org.uy\/autonomias\/wp-content\/uploads\/2021\/11\/4-2.png\" alt=\"\" class=\"wp-image-580\" width=\"470\" height=\"394\" srcset=\"https:\/\/ongelpaso.org.uy\/autonomias\/wp-content\/uploads\/2021\/11\/4-2.png 940w, https:\/\/ongelpaso.org.uy\/autonomias\/wp-content\/uploads\/2021\/11\/4-2-300x251.png 300w, https:\/\/ongelpaso.org.uy\/autonomias\/wp-content\/uploads\/2021\/11\/4-2-768x644.png 768w\" sizes=\"auto, (max-width: 470px) 100vw, 470px\" \/><\/figure><\/div>\n\n\n\n<div class=\"wp-block-image\"><figure class=\"aligncenter size-full is-resized\"><img loading=\"lazy\" decoding=\"async\" src=\"https:\/\/ongelpaso.org.uy\/autonomias\/wp-content\/uploads\/2021\/11\/5-2.png\" alt=\"\" class=\"wp-image-581\" width=\"470\" height=\"394\" srcset=\"https:\/\/ongelpaso.org.uy\/autonomias\/wp-content\/uploads\/2021\/11\/5-2.png 940w, https:\/\/ongelpaso.org.uy\/autonomias\/wp-content\/uploads\/2021\/11\/5-2-300x251.png 300w, https:\/\/ongelpaso.org.uy\/autonomias\/wp-content\/uploads\/2021\/11\/5-2-768x644.png 768w\" sizes=\"auto, (max-width: 470px) 100vw, 470px\" \/><\/figure><\/div>\n\n\n\n<div class=\"wp-block-image\"><figure class=\"aligncenter size-full is-resized\"><img loading=\"lazy\" decoding=\"async\" src=\"https:\/\/ongelpaso.org.uy\/autonomias\/wp-content\/uploads\/2021\/11\/6-2.png\" alt=\"\" class=\"wp-image-582\" width=\"470\" height=\"394\" srcset=\"https:\/\/ongelpaso.org.uy\/autonomias\/wp-content\/uploads\/2021\/11\/6-2.png 940w, https:\/\/ongelpaso.org.uy\/autonomias\/wp-content\/uploads\/2021\/11\/6-2-300x251.png 300w, https:\/\/ongelpaso.org.uy\/autonomias\/wp-content\/uploads\/2021\/11\/6-2-768x644.png 768w\" sizes=\"auto, (max-width: 470px) 100vw, 470px\" \/><\/figure><\/div>\n\n\n\n<div class=\"wp-block-image\"><figure class=\"aligncenter size-full is-resized\"><img loading=\"lazy\" decoding=\"async\" src=\"https:\/\/ongelpaso.org.uy\/autonomias\/wp-content\/uploads\/2021\/11\/7-2.png\" alt=\"\" class=\"wp-image-583\" width=\"470\" height=\"394\" srcset=\"https:\/\/ongelpaso.org.uy\/autonomias\/wp-content\/uploads\/2021\/11\/7-2.png 940w, https:\/\/ongelpaso.org.uy\/autonomias\/wp-content\/uploads\/2021\/11\/7-2-300x251.png 300w, https:\/\/ongelpaso.org.uy\/autonomias\/wp-content\/uploads\/2021\/11\/7-2-768x644.png 768w\" sizes=\"auto, (max-width: 470px) 100vw, 470px\" \/><\/figure><\/div>\n\n\n\n<div class=\"wp-block-image\"><figure class=\"aligncenter size-full is-resized\"><img loading=\"lazy\" decoding=\"async\" src=\"https:\/\/ongelpaso.org.uy\/autonomias\/wp-content\/uploads\/2021\/11\/8-2.png\" alt=\"\" class=\"wp-image-584\" width=\"470\" height=\"394\" srcset=\"https:\/\/ongelpaso.org.uy\/autonomias\/wp-content\/uploads\/2021\/11\/8-2.png 940w, https:\/\/ongelpaso.org.uy\/autonomias\/wp-content\/uploads\/2021\/11\/8-2-300x251.png 300w, https:\/\/ongelpaso.org.uy\/autonomias\/wp-content\/uploads\/2021\/11\/8-2-768x644.png 768w\" sizes=\"auto, (max-width: 470px) 100vw, 470px\" \/><\/figure><\/div>\n\n\n\n<div class=\"wp-block-image\"><figure class=\"aligncenter size-full is-resized\"><img loading=\"lazy\" decoding=\"async\" src=\"https:\/\/ongelpaso.org.uy\/autonomias\/wp-content\/uploads\/2021\/11\/9-2.png\" alt=\"\" class=\"wp-image-585\" width=\"470\" height=\"394\" srcset=\"https:\/\/ongelpaso.org.uy\/autonomias\/wp-content\/uploads\/2021\/11\/9-2.png 940w, https:\/\/ongelpaso.org.uy\/autonomias\/wp-content\/uploads\/2021\/11\/9-2-300x251.png 300w, https:\/\/ongelpaso.org.uy\/autonomias\/wp-content\/uploads\/2021\/11\/9-2-768x644.png 768w\" sizes=\"auto, (max-width: 470px) 100vw, 470px\" \/><\/figure><\/div>\n\n\n\n<div class=\"wp-block-image\"><figure class=\"aligncenter size-full is-resized\"><img loading=\"lazy\" decoding=\"async\" src=\"https:\/\/ongelpaso.org.uy\/autonomias\/wp-content\/uploads\/2021\/11\/10.jpg\" alt=\"\" class=\"wp-image-586\" width=\"470\" height=\"394\" srcset=\"https:\/\/ongelpaso.org.uy\/autonomias\/wp-content\/uploads\/2021\/11\/10.jpg 940w, https:\/\/ongelpaso.org.uy\/autonomias\/wp-content\/uploads\/2021\/11\/10-300x251.jpg 300w, https:\/\/ongelpaso.org.uy\/autonomias\/wp-content\/uploads\/2021\/11\/10-768x644.jpg 768w\" sizes=\"auto, (max-width: 470px) 100vw, 470px\" \/><\/figure><\/div>\n\n\n\n<p><\/p>\n","protected":false},"excerpt":{"rendered":"<p>&#128266; Escuchar El pasado 30 de julio, en el marco del D\u00eda Mundial Contra la Trata, fueron publicadas y difundidas desde el Proyecto Autonom\u00edas Colectivas 10 placas descriptivas sobre la realidad de la trata de personas en nuestro pa\u00eds, y las acciones que el Estado puede llevar adelante para combatirla. #PonerFinALaTrata&nbsp;#D\u00edaContraLaTrata&nbsp;#Uruguay&nbsp;#DerechosHumanos<\/p>\n","protected":false},"author":1,"featured_media":571,"comment_status":"closed","ping_status":"open","sticky":false,"template":"","format":"standard","meta":{"footnotes":""},"categories":[3,6],"tags":[],"class_list":["post-391","post","type-post","status-publish","format-standard","has-post-thumbnail","hentry","category-materiales-del-proyecto","category-trata"],"_links":{"self":[{"href":"https:\/\/ongelpaso.org.uy\/autonomias\/wp-json\/wp\/v2\/posts\/391","targetHints":{"allow":["GET"]}}],"collection":[{"href":"https:\/\/ongelpaso.org.uy\/autonomias\/wp-json\/wp\/v2\/posts"}],"about":[{"href":"https:\/\/ongelpaso.org.uy\/autonomias\/wp-json\/wp\/v2\/types\/post"}],"author":[{"embeddable":true,"href":"https:\/\/ongelpaso.org.uy\/autonomias\/wp-json\/wp\/v2\/users\/1"}],"replies":[{"embeddable":true,"href":"https:\/\/ongelpaso.org.uy\/autonomias\/wp-json\/wp\/v2\/comments?post=391"}],"version-history":[{"count":5,"href":"https:\/\/ongelpaso.org.uy\/autonomias\/wp-json\/wp\/v2\/posts\/391\/revisions"}],"predecessor-version":[{"id":839,"href":"https:\/\/ongelpaso.org.uy\/autonomias\/wp-json\/wp\/v2\/posts\/391\/revisions\/839"}],"wp:featuredmedia":[{"embeddable":true,"href":"https:\/\/ongelpaso.org.uy\/autonomias\/wp-json\/wp\/v2\/media\/571"}],"wp:attachment":[{"href":"https:\/\/ongelpaso.org.uy\/autonomias\/wp-json\/wp\/v2\/media?parent=391"}],"wp:term":[{"taxonomy":"category","embeddable":true,"href":"https:\/\/ongelpaso.org.uy\/autonomias\/wp-json\/wp\/v2\/categories?post=391"},{"taxonomy":"post_tag","embeddable":true,"href":"https:\/\/ongelpaso.org.uy\/autonomias\/wp-json\/wp\/v2\/tags?post=391"}],"curies":[{"name":"wp","href":"https:\/\/api.w.org\/{rel}","templated":true}]}}