{"id":397,"date":"2021-11-19T14:45:26","date_gmt":"2021-11-19T14:45:26","guid":{"rendered":"https:\/\/ongelpaso.org.uy\/autonomias\/?p=397"},"modified":"2021-11-23T02:10:48","modified_gmt":"2021-11-23T02:10:48","slug":"infografia-sobre-datos-1","status":"publish","type":"post","link":"https:\/\/ongelpaso.org.uy\/autonomias\/infografia-sobre-datos-1\/","title":{"rendered":"Situaci\u00f3n de trata de personas en Uruguay"},"content":{"rendered":"<button id=\"listenButton1\" class=\"responsivevoice-button\" type=\"button\" value=\"Play\" title=\"ResponsiveVoice Tap to Start\/Stop Speech\"><span>&#128266; Escuchar<\/span><\/button>\n        <script>\n            listenButton1.onclick = function(){\n                if(responsiveVoice.isPlaying()){\n                    responsiveVoice.cancel();\n                }else{\n                    responsiveVoice.speak(\"Conociendo m\u00e1s sobre este problema nacional Infografia-Trata-finalDescarga La siguiente infograf\u00eda presenta informaci\u00f3n general sobre la situaci\u00f3n de trata de personas en Uruguay, un profundo problema que afecta nuestro pa\u00eds, sobre el que se conoce y dialoga poco. A partir de la investigaci\u00f3n \\\"Due\u00f1os de personas, personas con due\u00f1os\\\", llevada adelante por la Asociaci\u00f3n Civil El Paso en el a\u00f1o 2020, es posible identificar tipos de trata, caracter\u00edsticas de las personas atendidas , adem\u00e1s de un exhaustivo an\u00e1lisis diagn\u00f3stico sobre la historia de la trata, las rutas y el contexto actual en el que se desarrolla. En el siguiente link puedes acceder a ella. En la infograf\u00eda encontrar\u00e1s definiciones sobre la trata y las formas en las que se manifiesta en nuestro pa\u00eds, as\u00ed como caracter\u00edsticas generales sobre las mujeres atendidas en el Servicio de atenci\u00f3n a mujeres v\u00edctimas de explotaci\u00f3n sexual. \u00a1Desc\u00e1rgalo y comp\u00e1rtelo! La trata es un problema de todas y todos.\", \"Spanish Latin American Female\");\n                }\n            };\n        <\/script>\n    \n<h2 class=\"wp-block-heading\">Conociendo m\u00e1s sobre este problema nacional <\/h2>\n\n\n\n<h4 class=\"wp-block-heading\"><\/h4>\n\n\n\n<div class=\"wp-block-columns is-layout-flex wp-container-core-columns-is-layout-28f84493 wp-block-columns-is-layout-flex\">\n<div class=\"wp-block-column is-layout-flow wp-block-column-is-layout-flow\" style=\"flex-basis:33.33%\">\n<div data-wp-interactive=\"core\/file\" class=\"wp-block-file aligncenter\"><object data-wp-bind--hidden=\"!state.hasPdfPreview\" hidden class=\"wp-block-file__embed\" data=\"https:\/\/ongelpaso.org.uy\/autonomias\/wp-content\/uploads\/2021\/11\/Infografia-Trata-final.pdf\" type=\"application\/pdf\" style=\"width:100%;height:640px\" aria-label=\"Incrustado de Incrustado de Infografia-Trata-final..\"><\/object><a href=\"https:\/\/ongelpaso.org.uy\/autonomias\/wp-content\/uploads\/2021\/11\/Infografia-Trata-final.pdf\">Infografia-Trata-final<\/a><a href=\"https:\/\/ongelpaso.org.uy\/autonomias\/wp-content\/uploads\/2021\/11\/Infografia-Trata-final.pdf\" class=\"wp-block-file__button\" download>Descarga<\/a><\/div>\n<\/div>\n\n\n\n<div class=\"wp-block-column is-layout-flow wp-block-column-is-layout-flow\"><\/div>\n\n\n\n<div class=\"wp-block-column is-layout-flow wp-block-column-is-layout-flow\" style=\"flex-basis:66.66%\">\n<p class=\"has-text-align-left has-text-color\" style=\"color:#463562\">La siguiente infograf\u00eda presenta informaci\u00f3n general sobre la situaci\u00f3n de trata de personas en Uruguay, un profundo problema que afecta nuestro pa\u00eds, sobre el que se conoce y dialoga poco. <\/p>\n\n\n\n<p>A partir de la investigaci\u00f3n \u00abDue\u00f1os de personas, personas con due\u00f1os\u00bb, llevada adelante por la Asociaci\u00f3n Civil El Paso en el a\u00f1o 2020, es posible identificar tipos de trata, caracter\u00edsticas de las personas atendidas , adem\u00e1s de un exhaustivo an\u00e1lisis diagn\u00f3stico sobre la historia de la trata, las rutas y el contexto actual en el que se desarrolla. En el siguiente link puedes acceder a ella. <\/p>\n\n\n\n<p><\/p>\n\n\n\n<p>En la infograf\u00eda encontrar\u00e1s definiciones sobre la trata y las formas en las que se manifiesta en nuestro pa\u00eds, as\u00ed como  caracter\u00edsticas generales sobre las mujeres atendidas en el Servicio de atenci\u00f3n a mujeres v\u00edctimas de explotaci\u00f3n sexual. <\/p>\n\n\n\n<p>\u00a1Desc\u00e1rgalo y comp\u00e1rtelo! <\/p>\n\n\n\n<p><strong>La trata es un problema de todas y todos.<\/strong><\/p>\n\n\n\n<p><\/p>\n\n\n\n<p><\/p>\n<\/div>\n<\/div>\n\n\n\n<figure class=\"wp-block-gallery aligncenter columns-4 is-cropped wp-block-gallery-1 is-layout-flex wp-block-gallery-is-layout-flex\"><ul class=\"blocks-gallery-grid\"><li class=\"blocks-gallery-item\"><figure><a href=\"https:\/\/ongelpaso.org.uy\/autonomias\/wp-content\/uploads\/2021\/11\/WhatsApp-Image-2021-11-18-at-11.23.36.jpeg\"><img loading=\"lazy\" decoding=\"async\" width=\"1000\" height=\"1000\" src=\"https:\/\/ongelpaso.org.uy\/autonomias\/wp-content\/uploads\/2021\/11\/WhatsApp-Image-2021-11-18-at-11.23.36.jpeg\" alt=\"\" data-id=\"349\" data-full-url=\"https:\/\/ongelpaso.org.uy\/autonomias\/wp-content\/uploads\/2021\/11\/WhatsApp-Image-2021-11-18-at-11.23.36.jpeg\" data-link=\"https:\/\/ongelpaso.org.uy\/autonomias\/portada\/whatsapp-image-2021-11-18-at-11-23-36\/\" class=\"wp-image-349\" srcset=\"https:\/\/ongelpaso.org.uy\/autonomias\/wp-content\/uploads\/2021\/11\/WhatsApp-Image-2021-11-18-at-11.23.36.jpeg 1000w, https:\/\/ongelpaso.org.uy\/autonomias\/wp-content\/uploads\/2021\/11\/WhatsApp-Image-2021-11-18-at-11.23.36-300x300.jpeg 300w, https:\/\/ongelpaso.org.uy\/autonomias\/wp-content\/uploads\/2021\/11\/WhatsApp-Image-2021-11-18-at-11.23.36-150x150.jpeg 150w, https:\/\/ongelpaso.org.uy\/autonomias\/wp-content\/uploads\/2021\/11\/WhatsApp-Image-2021-11-18-at-11.23.36-768x768.jpeg 768w\" sizes=\"auto, (max-width: 1000px) 100vw, 1000px\" \/><\/a><\/figure><\/li><li class=\"blocks-gallery-item\"><figure><a href=\"https:\/\/ongelpaso.org.uy\/autonomias\/wp-content\/uploads\/2021\/11\/WhatsApp-Image-2021-11-18-at-10.20.40.jpeg\"><img loading=\"lazy\" decoding=\"async\" width=\"1000\" height=\"1000\" src=\"https:\/\/ongelpaso.org.uy\/autonomias\/wp-content\/uploads\/2021\/11\/WhatsApp-Image-2021-11-18-at-10.20.40.jpeg\" alt=\"\" data-id=\"347\" data-full-url=\"https:\/\/ongelpaso.org.uy\/autonomias\/wp-content\/uploads\/2021\/11\/WhatsApp-Image-2021-11-18-at-10.20.40.jpeg\" data-link=\"https:\/\/ongelpaso.org.uy\/autonomias\/portada\/whatsapp-image-2021-11-18-at-10-20-40\/\" class=\"wp-image-347\" srcset=\"https:\/\/ongelpaso.org.uy\/autonomias\/wp-content\/uploads\/2021\/11\/WhatsApp-Image-2021-11-18-at-10.20.40.jpeg 1000w, https:\/\/ongelpaso.org.uy\/autonomias\/wp-content\/uploads\/2021\/11\/WhatsApp-Image-2021-11-18-at-10.20.40-300x300.jpeg 300w, https:\/\/ongelpaso.org.uy\/autonomias\/wp-content\/uploads\/2021\/11\/WhatsApp-Image-2021-11-18-at-10.20.40-150x150.jpeg 150w, https:\/\/ongelpaso.org.uy\/autonomias\/wp-content\/uploads\/2021\/11\/WhatsApp-Image-2021-11-18-at-10.20.40-768x768.jpeg 768w\" sizes=\"auto, (max-width: 1000px) 100vw, 1000px\" \/><\/a><\/figure><\/li><li class=\"blocks-gallery-item\"><figure><a href=\"https:\/\/ongelpaso.org.uy\/autonomias\/wp-content\/uploads\/2021\/11\/WhatsApp-Image-2021-11-17-at-16.18.45.jpeg\"><img loading=\"lazy\" decoding=\"async\" width=\"1000\" height=\"1000\" src=\"https:\/\/ongelpaso.org.uy\/autonomias\/wp-content\/uploads\/2021\/11\/WhatsApp-Image-2021-11-17-at-16.18.45.jpeg\" alt=\"\" data-id=\"340\" data-full-url=\"https:\/\/ongelpaso.org.uy\/autonomias\/wp-content\/uploads\/2021\/11\/WhatsApp-Image-2021-11-17-at-16.18.45.jpeg\" data-link=\"https:\/\/ongelpaso.org.uy\/autonomias\/portada\/whatsapp-image-2021-11-17-at-16-18-45\/\" class=\"wp-image-340\" srcset=\"https:\/\/ongelpaso.org.uy\/autonomias\/wp-content\/uploads\/2021\/11\/WhatsApp-Image-2021-11-17-at-16.18.45.jpeg 1000w, https:\/\/ongelpaso.org.uy\/autonomias\/wp-content\/uploads\/2021\/11\/WhatsApp-Image-2021-11-17-at-16.18.45-300x300.jpeg 300w, https:\/\/ongelpaso.org.uy\/autonomias\/wp-content\/uploads\/2021\/11\/WhatsApp-Image-2021-11-17-at-16.18.45-150x150.jpeg 150w, https:\/\/ongelpaso.org.uy\/autonomias\/wp-content\/uploads\/2021\/11\/WhatsApp-Image-2021-11-17-at-16.18.45-768x768.jpeg 768w\" sizes=\"auto, (max-width: 1000px) 100vw, 1000px\" \/><\/a><\/figure><\/li><li class=\"blocks-gallery-item\"><figure><a href=\"https:\/\/ongelpaso.org.uy\/autonomias\/wp-content\/uploads\/2021\/11\/autonomias-colectivas.jpeg\"><img loading=\"lazy\" decoding=\"async\" width=\"1000\" height=\"1000\" src=\"https:\/\/ongelpaso.org.uy\/autonomias\/wp-content\/uploads\/2021\/11\/autonomias-colectivas.jpeg\" alt=\"\" data-id=\"328\" data-full-url=\"https:\/\/ongelpaso.org.uy\/autonomias\/wp-content\/uploads\/2021\/11\/autonomias-colectivas.jpeg\" data-link=\"https:\/\/ongelpaso.org.uy\/autonomias\/temas-y-dimensiones\/violencia-domestica\/autonomias-colectivas\/\" class=\"wp-image-328\" srcset=\"https:\/\/ongelpaso.org.uy\/autonomias\/wp-content\/uploads\/2021\/11\/autonomias-colectivas.jpeg 1000w, https:\/\/ongelpaso.org.uy\/autonomias\/wp-content\/uploads\/2021\/11\/autonomias-colectivas-300x300.jpeg 300w, https:\/\/ongelpaso.org.uy\/autonomias\/wp-content\/uploads\/2021\/11\/autonomias-colectivas-150x150.jpeg 150w, https:\/\/ongelpaso.org.uy\/autonomias\/wp-content\/uploads\/2021\/11\/autonomias-colectivas-768x768.jpeg 768w\" sizes=\"auto, (max-width: 1000px) 100vw, 1000px\" \/><\/a><\/figure><\/li><\/ul><\/figure>\n","protected":false},"excerpt":{"rendered":"<p>&#128266; Escuchar Conociendo m\u00e1s sobre este problema nacional La siguiente infograf\u00eda presenta informaci\u00f3n general sobre la situaci\u00f3n de trata de personas en Uruguay, un profundo problema que afecta nuestro pa\u00eds, sobre el que se conoce y dialoga poco. A partir de la investigaci\u00f3n \u00abDue\u00f1os de personas, personas con due\u00f1os\u00bb, llevada adelante por la Asociaci\u00f3n Civil [&hellip;]<\/p>\n","protected":false},"author":2,"featured_media":632,"comment_status":"closed","ping_status":"open","sticky":false,"template":"","format":"standard","meta":{"footnotes":""},"categories":[1,6],"tags":[],"class_list":["post-397","post","type-post","status-publish","format-standard","has-post-thumbnail","hentry","category-noticias","category-trata"],"_links":{"self":[{"href":"https:\/\/ongelpaso.org.uy\/autonomias\/wp-json\/wp\/v2\/posts\/397","targetHints":{"allow":["GET"]}}],"collection":[{"href":"https:\/\/ongelpaso.org.uy\/autonomias\/wp-json\/wp\/v2\/posts"}],"about":[{"href":"https:\/\/ongelpaso.org.uy\/autonomias\/wp-json\/wp\/v2\/types\/post"}],"author":[{"embeddable":true,"href":"https:\/\/ongelpaso.org.uy\/autonomias\/wp-json\/wp\/v2\/users\/2"}],"replies":[{"embeddable":true,"href":"https:\/\/ongelpaso.org.uy\/autonomias\/wp-json\/wp\/v2\/comments?post=397"}],"version-history":[{"count":10,"href":"https:\/\/ongelpaso.org.uy\/autonomias\/wp-json\/wp\/v2\/posts\/397\/revisions"}],"predecessor-version":[{"id":963,"href":"https:\/\/ongelpaso.org.uy\/autonomias\/wp-json\/wp\/v2\/posts\/397\/revisions\/963"}],"wp:featuredmedia":[{"embeddable":true,"href":"https:\/\/ongelpaso.org.uy\/autonomias\/wp-json\/wp\/v2\/media\/632"}],"wp:attachment":[{"href":"https:\/\/ongelpaso.org.uy\/autonomias\/wp-json\/wp\/v2\/media?parent=397"}],"wp:term":[{"taxonomy":"category","embeddable":true,"href":"https:\/\/ongelpaso.org.uy\/autonomias\/wp-json\/wp\/v2\/categories?post=397"},{"taxonomy":"post_tag","embeddable":true,"href":"https:\/\/ongelpaso.org.uy\/autonomias\/wp-json\/wp\/v2\/tags?post=397"}],"curies":[{"name":"wp","href":"https:\/\/api.w.org\/{rel}","templated":true}]}}